{"id":1176,"date":"2021-08-23T07:22:18","date_gmt":"2021-08-23T10:22:18","guid":{"rendered":"http:\/\/ordemdazoeira.com.br\/?p=1176"},"modified":"2021-08-23T07:22:19","modified_gmt":"2021-08-23T10:22:19","slug":"odz-news-19","status":"publish","type":"post","link":"https:\/\/ordemdazoeira.com.br\/index.php\/2021\/08\/23\/odz-news-19\/","title":{"rendered":"ODZ News"},"content":{"rendered":"\n<h2 class=\"wp-block-heading\">Caverna do Drag\u00e3o<\/h2>\n\n\n\n<p style=\"font-size:18px\">Filme. Do Caverna do Drag\u00e3o. Mais um choque no cora\u00e7\u00e3o j\u00e1 morto da nostalgia, e <strong>mais uma franquia pra estragarem<\/strong>.<\/p>\n\n\n\n<p style=\"font-size:18px\">Mas ningu\u00e9m se lembra do <strong>filme de 2000<\/strong> &#8211; <em>que foi t\u00e3o bosta<\/em> &#8211; e sua fracassada tentativa em <strong>reacender as chamas do \u00f3dio que t\u00ednhamos pela Uni<\/strong>. <\/p>\n\n\n\n<figure class=\"wp-block-embed is-type-video is-provider-youtube wp-block-embed-youtube wp-embed-aspect-16-9 wp-has-aspect-ratio\"><div class=\"wp-block-embed__wrapper\">\n<iframe loading=\"lazy\" title=\"Dungeons &amp; Dragons (2000) Official Trailer - Jeremy Irons, Bruce Payne Movie HD\" width=\"500\" height=\"281\" src=\"https:\/\/www.youtube.com\/embed\/3SnA2rv4ros?feature=oembed\" frameborder=\"0\" allow=\"accelerometer; autoplay; clipboard-write; encrypted-media; gyroscope; picture-in-picture; web-share\" referrerpolicy=\"strict-origin-when-cross-origin\" allowfullscreen><\/iframe>\n<\/div><figcaption><em>Wassuuuup???<\/em><\/figcaption><\/figure>\n\n\n\n<p style=\"font-size:18px\">O diretor <strong>John Francis Daley<\/strong> (<em>que s\u00f3 consigo lembrar dele em Bones<\/em>) trabalhar\u00e1 com <strong>Johnathan Smith<\/strong> (<em>Spiderman: Coming Home<\/em>) no roteiro e co-dire\u00e7\u00e3o. O filme <strong>est\u00e1 previsto para ser lan\u00e7ado em 2023<\/strong> e infelizmente j\u00e1 <strong>est\u00e3o planejando uma s\u00e9rie<\/strong> sa\u00edda da produ\u00e7\u00e3o.<\/p>\n\n\n\n<div class=\"wp-block-image is-style-default\"><figure class=\"aligncenter size-large\"><img loading=\"lazy\" decoding=\"async\" width=\"756\" height=\"854\" src=\"http:\/\/ordemdazoeira.com.br\/wp-content\/uploads\/2021\/08\/image_2021-08-23_06-55-45.png\" alt=\"\" class=\"wp-image-1177\" srcset=\"https:\/\/ordemdazoeira.com.br\/wp-content\/uploads\/2021\/08\/image_2021-08-23_06-55-45.png 756w, https:\/\/ordemdazoeira.com.br\/wp-content\/uploads\/2021\/08\/image_2021-08-23_06-55-45-266x300.png 266w\" sizes=\"auto, (max-width: 756px) 100vw, 756px\" \/><\/figure><\/div>\n\n\n\n\n\n<p><em>Fonte: <strong><a href=\"https:\/\/gizmodo.com\/the-dungeons-and-dragons-film-has-wrapped-production-1847535005\" target=\"_blank\" rel=\"noreferrer noopener\">Gizmodo US<\/a><\/strong><\/em><\/p>\n\n\n\n<h2 class=\"wp-block-heading\">Marte panor\u00e2mica <em>#2021bitchezz<\/em><\/h2>\n\n\n\n<p style=\"font-size:18px\">A <strong>Curiosity nos enviou mais uma foto<\/strong> <em><s>da produ\u00e7\u00e3o de Dune<\/s><\/em> de Marte, principalmente para <strong>celebrar os nove anos que j\u00e1 est\u00e1 por l\u00e1<\/strong> literalmente dizendo com<strong><a href=\"https:\/\/mars.nasa.gov\/resources\/26140\/curiosity-looks-uphill-past-rafael-navarro-mountain\/?site=msl\" target=\"_blank\" rel=\"noreferrer noopener\"> lindas imagens<\/a><\/strong> pra ningu\u00e9m ir pro planeta vermelho pois s\u00f3 tem poeira e rochas.<\/p>\n\n\n\n<p style=\"font-size:18px\">O rover ainda teve de <strong>desviar de bancos de areia<\/strong> ao redor do Monte <em><s>Toshiba<\/s><\/em> Sharp para nos agraciar com tal panorama.<\/p>\n\n\n\n<figure class=\"wp-block-embed is-type-video is-provider-youtube wp-block-embed-youtube wp-embed-aspect-16-9 wp-has-aspect-ratio\"><div class=\"wp-block-embed__wrapper\">\n<iframe loading=\"lazy\" title=\"NASA\u2019s Curiosity Mars Rover Finds A Changing Landscape\" width=\"500\" height=\"281\" src=\"https:\/\/www.youtube.com\/embed\/8DZl56tS9ko?feature=oembed\" frameborder=\"0\" allow=\"accelerometer; autoplay; clipboard-write; encrypted-media; gyroscope; picture-in-picture; web-share\" referrerpolicy=\"strict-origin-when-cross-origin\" allowfullscreen><\/iframe>\n<\/div><\/figure>\n\n\n\n<p style=\"font-size:18px\">Tudo isso para estar mais pr\u00f3ximos de descobrir <strong>como Marte perdeu sua \u00e1gua<\/strong> a partir da mudan\u00e7a de cen\u00e1rio geogr\u00e1fico e como ficaremos se isso ocorrer. E batatas n\u00e3o ir\u00e3o nos salvar.<\/p>\n\n\n\n<p><em>Fonte: <strong><a href=\"https:\/\/www.engadget.com\/nasa-jpl-curiosity-rover-gale-crater-panorama-085647064.html?src=rss\" target=\"_blank\" rel=\"noreferrer noopener\">Engadget<\/a><\/strong> &#8211; <strong><a href=\"https:\/\/mars.nasa.gov\/resources\/26140\/curiosity-looks-uphill-past-rafael-navarro-mountain\/?site=msl\" target=\"_blank\" rel=\"noreferrer noopener\">Nasa<\/a><\/strong><\/em><\/p>\n\n\n\n<h2 class=\"wp-block-heading\">WhatsApp independente<\/h2>\n\n\n\n<p style=\"font-size:18px\">Parece que <strong>o p\u00e9ssimo aplicativo de mensagens<\/strong> que simula uma boca-de-lobo em S\u00e3o Paulo num dia de calor e umidade finalmente mostra ind\u00edcios que <strong>ir\u00e1 se livrar da constante conex\u00e3o com a internet via smartphone<\/strong> para se manter ligado em outros dispositivos.<\/p>\n\n\n\n<div class=\"wp-block-image is-style-default\"><figure class=\"aligncenter size-large\"><img loading=\"lazy\" decoding=\"async\" width=\"1024\" height=\"590\" src=\"http:\/\/ordemdazoeira.com.br\/wp-content\/uploads\/2021\/08\/HVEFSXBE5CAL7UW5KAEHAH5ECU-1024x590.jpg\" alt=\"\" class=\"wp-image-1179\" srcset=\"https:\/\/ordemdazoeira.com.br\/wp-content\/uploads\/2021\/08\/HVEFSXBE5CAL7UW5KAEHAH5ECU-1024x590.jpg 1024w, https:\/\/ordemdazoeira.com.br\/wp-content\/uploads\/2021\/08\/HVEFSXBE5CAL7UW5KAEHAH5ECU-300x173.jpg 300w, https:\/\/ordemdazoeira.com.br\/wp-content\/uploads\/2021\/08\/HVEFSXBE5CAL7UW5KAEHAH5ECU-768x443.jpg 768w, https:\/\/ordemdazoeira.com.br\/wp-content\/uploads\/2021\/08\/HVEFSXBE5CAL7UW5KAEHAH5ECU-1536x886.jpg 1536w, https:\/\/ordemdazoeira.com.br\/wp-content\/uploads\/2021\/08\/HVEFSXBE5CAL7UW5KAEHAH5ECU-1292x745.jpg 1292w, https:\/\/ordemdazoeira.com.br\/wp-content\/uploads\/2021\/08\/HVEFSXBE5CAL7UW5KAEHAH5ECU-936x540.jpg 936w, https:\/\/ordemdazoeira.com.br\/wp-content\/uploads\/2021\/08\/HVEFSXBE5CAL7UW5KAEHAH5ECU.jpg 1960w\" sizes=\"auto, (max-width: 1024px) 100vw, 1024px\" \/><\/figure><\/div>\n\n\n\n<p style=\"font-size:18px\">Rumores <a href=\"https:\/\/twitter.com\/WABetaInfo\/status\/1429043907720065031?ref_src=twsrc%5Etfw%7Ctwcamp%5Etweetembed%7Ctwterm%5E1429043907720065031%7Ctwgr%5E%7Ctwcon%5Es1_&amp;ref_url=https%3A%2F%2Ftwitter.trello.services%2Ftweets.html7B22secret223A22X6z88jKhn5stN1sDGbyW8wjX97SBZVLjpTFkFDtBWHGek1bXWJqGF89JEo4ZYWfy222C22context223A7B22version223A22build-8536222C22member223A2255d215343891f884a0fcd900222C22permissions223A7B22board223A22write222C22organization223A22write222C22card223A22write227D2C22organization223A22535db1366cfbe3051ea534e7222C22board223A22535db14bdaa739561e16a033222C22card223A2261211b809a314e5d22bd67d3222C22command223A22attachment-sections227D2C22locale223A22en-US227D\" target=\"_blank\" rel=\"noreferrer noopener\">de uma costumaz fonte n\u00e3o oficial<\/a> sobre o app dizem que um beta est\u00e1 dobrando a esquina, <strong>transformando o WhatsApp em um aplicativo de verdade<\/strong> (<em>sim, Pinocchio!<\/em>) e que finalmente ter\u00e1 um <strong>app para o iPad<\/strong> &#8211; <em>como se gente <strong>Rycah e Fabulosa\u2122<\/strong> que pode ter um usasse esse meio de comunica\u00e7\u00e3o cheio de pobre<\/em>. <\/p>\n\n\n\n<p style=\"font-size:18px\">Boa not\u00edcia? M\u00e1 not\u00edcia? N\u00e3o sei, me livrei desse esgoto h\u00e1 oito meses e contando. <strong>Telegram Rulez!<\/strong><\/p>\n\n\n\n<p><em>Fonte: <strong><a href=\"https:\/\/www.engadget.com\/whatsapp-ipad-app-multi-device-support-172538021.html?src=rss\" target=\"_blank\" rel=\"noreferrer noopener\">Engadget<\/a><\/strong><\/em><\/p>\n","protected":false},"excerpt":{"rendered":"<p>Caverna do Drag\u00e3o Filme. Do Caverna do Drag\u00e3o. Mais um choque no cora\u00e7\u00e3o j\u00e1 morto da nostalgia, e mais uma&#8230;<\/p>\n","protected":false},"author":3,"featured_media":444,"comment_status":"open","ping_status":"open","sticky":false,"template":"","format":"standard","meta":{"_monsterinsights_skip_tracking":false,"_monsterinsights_sitenote_active":false,"_monsterinsights_sitenote_note":"","_monsterinsights_sitenote_category":0,"footnotes":""},"categories":[109],"tags":[110],"class_list":["post-1176","post","type-post","status-publish","format-standard","has-post-thumbnail","hentry","category-odz-news","tag-noticias","wpcat-109-id"],"yoast_head":"<!-- This site is optimized with the Yoast SEO plugin v24.2 - https:\/\/yoast.com\/wordpress\/plugins\/seo\/ -->\n<title>ODZ News - ODZ<\/title>\n<meta name=\"robots\" content=\"index, follow, max-snippet:-1, max-image-preview:large, max-video-preview:-1\" \/>\n<link rel=\"canonical\" href=\"https:\/\/ordemdazoeira.com.br\/index.php\/2021\/08\/23\/odz-news-19\/\" \/>\n<meta property=\"og:locale\" content=\"en_US\" \/>\n<meta property=\"og:type\" content=\"article\" \/>\n<meta property=\"og:title\" content=\"ODZ News - ODZ\" \/>\n<meta property=\"og:description\" content=\"Caverna do Drag\u00e3o Filme. Do Caverna do Drag\u00e3o. Mais um choque no cora\u00e7\u00e3o j\u00e1 morto da nostalgia, e mais uma...\" \/>\n<meta property=\"og:url\" content=\"https:\/\/ordemdazoeira.com.br\/index.php\/2021\/08\/23\/odz-news-19\/\" \/>\n<meta property=\"og:site_name\" content=\"ODZ\" \/>\n<meta property=\"article:published_time\" content=\"2021-08-23T10:22:18+00:00\" \/>\n<meta property=\"article:modified_time\" content=\"2021-08-23T10:22:19+00:00\" \/>\n<meta property=\"og:image\" content=\"https:\/\/ordemdazoeira.com.br\/wp-content\/uploads\/2021\/04\/ODZ-NEWS-LOGO.jpg\" \/>\n\t<meta property=\"og:image:width\" content=\"1920\" \/>\n\t<meta property=\"og:image:height\" content=\"1080\" \/>\n\t<meta property=\"og:image:type\" content=\"image\/jpeg\" \/>\n<meta name=\"author\" content=\"Eric Mac Fadden\" \/>\n<meta name=\"twitter:card\" content=\"summary_large_image\" \/>\n<meta name=\"twitter:label1\" content=\"Written by\" \/>\n\t<meta name=\"twitter:data1\" content=\"Eric Mac Fadden\" \/>\n\t<meta name=\"twitter:label2\" content=\"Est. reading time\" \/>\n\t<meta name=\"twitter:data2\" content=\"2 minutes\" \/>\n<script type=\"application\/ld+json\" class=\"yoast-schema-graph\">{\"@context\":\"https:\/\/schema.org\",\"@graph\":[{\"@type\":\"WebPage\",\"@id\":\"https:\/\/ordemdazoeira.com.br\/index.php\/2021\/08\/23\/odz-news-19\/\",\"url\":\"https:\/\/ordemdazoeira.com.br\/index.php\/2021\/08\/23\/odz-news-19\/\",\"name\":\"ODZ News - ODZ\",\"isPartOf\":{\"@id\":\"https:\/\/ordemdazoeira.com.br\/#website\"},\"primaryImageOfPage\":{\"@id\":\"https:\/\/ordemdazoeira.com.br\/index.php\/2021\/08\/23\/odz-news-19\/#primaryimage\"},\"image\":{\"@id\":\"https:\/\/ordemdazoeira.com.br\/index.php\/2021\/08\/23\/odz-news-19\/#primaryimage\"},\"thumbnailUrl\":\"https:\/\/ordemdazoeira.com.br\/wp-content\/uploads\/2021\/04\/ODZ-NEWS-LOGO.jpg\",\"datePublished\":\"2021-08-23T10:22:18+00:00\",\"dateModified\":\"2021-08-23T10:22:19+00:00\",\"author\":{\"@id\":\"https:\/\/ordemdazoeira.com.br\/#\/schema\/person\/2307badcd996505366bf8ae557805ffc\"},\"breadcrumb\":{\"@id\":\"https:\/\/ordemdazoeira.com.br\/index.php\/2021\/08\/23\/odz-news-19\/#breadcrumb\"},\"inLanguage\":\"en-US\",\"potentialAction\":[{\"@type\":\"ReadAction\",\"target\":[\"https:\/\/ordemdazoeira.com.br\/index.php\/2021\/08\/23\/odz-news-19\/\"]}]},{\"@type\":\"ImageObject\",\"inLanguage\":\"en-US\",\"@id\":\"https:\/\/ordemdazoeira.com.br\/index.php\/2021\/08\/23\/odz-news-19\/#primaryimage\",\"url\":\"https:\/\/ordemdazoeira.com.br\/wp-content\/uploads\/2021\/04\/ODZ-NEWS-LOGO.jpg\",\"contentUrl\":\"https:\/\/ordemdazoeira.com.br\/wp-content\/uploads\/2021\/04\/ODZ-NEWS-LOGO.jpg\",\"width\":1920,\"height\":1080},{\"@type\":\"BreadcrumbList\",\"@id\":\"https:\/\/ordemdazoeira.com.br\/index.php\/2021\/08\/23\/odz-news-19\/#breadcrumb\",\"itemListElement\":[{\"@type\":\"ListItem\",\"position\":1,\"name\":\"Home\",\"item\":\"https:\/\/ordemdazoeira.com.br\/\"},{\"@type\":\"ListItem\",\"position\":2,\"name\":\"ODZ News\"}]},{\"@type\":\"WebSite\",\"@id\":\"https:\/\/ordemdazoeira.com.br\/#website\",\"url\":\"https:\/\/ordemdazoeira.com.br\/\",\"name\":\"ODZ\",\"description\":\"\",\"potentialAction\":[{\"@type\":\"SearchAction\",\"target\":{\"@type\":\"EntryPoint\",\"urlTemplate\":\"https:\/\/ordemdazoeira.com.br\/?s={search_term_string}\"},\"query-input\":{\"@type\":\"PropertyValueSpecification\",\"valueRequired\":true,\"valueName\":\"search_term_string\"}}],\"inLanguage\":\"en-US\"},{\"@type\":\"Person\",\"@id\":\"https:\/\/ordemdazoeira.com.br\/#\/schema\/person\/2307badcd996505366bf8ae557805ffc\",\"name\":\"Eric Mac Fadden\",\"image\":{\"@type\":\"ImageObject\",\"inLanguage\":\"en-US\",\"@id\":\"https:\/\/ordemdazoeira.com.br\/#\/schema\/person\/image\/\",\"url\":\"https:\/\/secure.gravatar.com\/avatar\/7cd8f4b0b9c141fb501b64e6824599d38d5b0fcccb8c1bbc2fa728576057f990?s=96&d=mm&r=g\",\"contentUrl\":\"https:\/\/secure.gravatar.com\/avatar\/7cd8f4b0b9c141fb501b64e6824599d38d5b0fcccb8c1bbc2fa728576057f990?s=96&d=mm&r=g\",\"caption\":\"Eric Mac Fadden\"},\"url\":\"https:\/\/ordemdazoeira.com.br\/index.php\/author\/eric-mac-fadden\/\"}]}<\/script>\n<!-- \/ Yoast SEO plugin. -->","yoast_head_json":{"title":"ODZ News - ODZ","robots":{"index":"index","follow":"follow","max-snippet":"max-snippet:-1","max-image-preview":"max-image-preview:large","max-video-preview":"max-video-preview:-1"},"canonical":"https:\/\/ordemdazoeira.com.br\/index.php\/2021\/08\/23\/odz-news-19\/","og_locale":"en_US","og_type":"article","og_title":"ODZ News - ODZ","og_description":"Caverna do Drag\u00e3o Filme. Do Caverna do Drag\u00e3o. Mais um choque no cora\u00e7\u00e3o j\u00e1 morto da nostalgia, e mais uma...","og_url":"https:\/\/ordemdazoeira.com.br\/index.php\/2021\/08\/23\/odz-news-19\/","og_site_name":"ODZ","article_published_time":"2021-08-23T10:22:18+00:00","article_modified_time":"2021-08-23T10:22:19+00:00","og_image":[{"width":1920,"height":1080,"url":"https:\/\/ordemdazoeira.com.br\/wp-content\/uploads\/2021\/04\/ODZ-NEWS-LOGO.jpg","type":"image\/jpeg"}],"author":"Eric Mac Fadden","twitter_card":"summary_large_image","twitter_misc":{"Written by":"Eric Mac Fadden","Est. reading time":"2 minutes"},"schema":{"@context":"https:\/\/schema.org","@graph":[{"@type":"WebPage","@id":"https:\/\/ordemdazoeira.com.br\/index.php\/2021\/08\/23\/odz-news-19\/","url":"https:\/\/ordemdazoeira.com.br\/index.php\/2021\/08\/23\/odz-news-19\/","name":"ODZ News - ODZ","isPartOf":{"@id":"https:\/\/ordemdazoeira.com.br\/#website"},"primaryImageOfPage":{"@id":"https:\/\/ordemdazoeira.com.br\/index.php\/2021\/08\/23\/odz-news-19\/#primaryimage"},"image":{"@id":"https:\/\/ordemdazoeira.com.br\/index.php\/2021\/08\/23\/odz-news-19\/#primaryimage"},"thumbnailUrl":"https:\/\/ordemdazoeira.com.br\/wp-content\/uploads\/2021\/04\/ODZ-NEWS-LOGO.jpg","datePublished":"2021-08-23T10:22:18+00:00","dateModified":"2021-08-23T10:22:19+00:00","author":{"@id":"https:\/\/ordemdazoeira.com.br\/#\/schema\/person\/2307badcd996505366bf8ae557805ffc"},"breadcrumb":{"@id":"https:\/\/ordemdazoeira.com.br\/index.php\/2021\/08\/23\/odz-news-19\/#breadcrumb"},"inLanguage":"en-US","potentialAction":[{"@type":"ReadAction","target":["https:\/\/ordemdazoeira.com.br\/index.php\/2021\/08\/23\/odz-news-19\/"]}]},{"@type":"ImageObject","inLanguage":"en-US","@id":"https:\/\/ordemdazoeira.com.br\/index.php\/2021\/08\/23\/odz-news-19\/#primaryimage","url":"https:\/\/ordemdazoeira.com.br\/wp-content\/uploads\/2021\/04\/ODZ-NEWS-LOGO.jpg","contentUrl":"https:\/\/ordemdazoeira.com.br\/wp-content\/uploads\/2021\/04\/ODZ-NEWS-LOGO.jpg","width":1920,"height":1080},{"@type":"BreadcrumbList","@id":"https:\/\/ordemdazoeira.com.br\/index.php\/2021\/08\/23\/odz-news-19\/#breadcrumb","itemListElement":[{"@type":"ListItem","position":1,"name":"Home","item":"https:\/\/ordemdazoeira.com.br\/"},{"@type":"ListItem","position":2,"name":"ODZ News"}]},{"@type":"WebSite","@id":"https:\/\/ordemdazoeira.com.br\/#website","url":"https:\/\/ordemdazoeira.com.br\/","name":"ODZ","description":"","potentialAction":[{"@type":"SearchAction","target":{"@type":"EntryPoint","urlTemplate":"https:\/\/ordemdazoeira.com.br\/?s={search_term_string}"},"query-input":{"@type":"PropertyValueSpecification","valueRequired":true,"valueName":"search_term_string"}}],"inLanguage":"en-US"},{"@type":"Person","@id":"https:\/\/ordemdazoeira.com.br\/#\/schema\/person\/2307badcd996505366bf8ae557805ffc","name":"Eric Mac Fadden","image":{"@type":"ImageObject","inLanguage":"en-US","@id":"https:\/\/ordemdazoeira.com.br\/#\/schema\/person\/image\/","url":"https:\/\/secure.gravatar.com\/avatar\/7cd8f4b0b9c141fb501b64e6824599d38d5b0fcccb8c1bbc2fa728576057f990?s=96&d=mm&r=g","contentUrl":"https:\/\/secure.gravatar.com\/avatar\/7cd8f4b0b9c141fb501b64e6824599d38d5b0fcccb8c1bbc2fa728576057f990?s=96&d=mm&r=g","caption":"Eric Mac Fadden"},"url":"https:\/\/ordemdazoeira.com.br\/index.php\/author\/eric-mac-fadden\/"}]}},"_links":{"self":[{"href":"https:\/\/ordemdazoeira.com.br\/index.php\/wp-json\/wp\/v2\/posts\/1176","targetHints":{"allow":["GET"]}}],"collection":[{"href":"https:\/\/ordemdazoeira.com.br\/index.php\/wp-json\/wp\/v2\/posts"}],"about":[{"href":"https:\/\/ordemdazoeira.com.br\/index.php\/wp-json\/wp\/v2\/types\/post"}],"author":[{"embeddable":true,"href":"https:\/\/ordemdazoeira.com.br\/index.php\/wp-json\/wp\/v2\/users\/3"}],"replies":[{"embeddable":true,"href":"https:\/\/ordemdazoeira.com.br\/index.php\/wp-json\/wp\/v2\/comments?post=1176"}],"version-history":[{"count":2,"href":"https:\/\/ordemdazoeira.com.br\/index.php\/wp-json\/wp\/v2\/posts\/1176\/revisions"}],"predecessor-version":[{"id":1180,"href":"https:\/\/ordemdazoeira.com.br\/index.php\/wp-json\/wp\/v2\/posts\/1176\/revisions\/1180"}],"wp:featuredmedia":[{"embeddable":true,"href":"https:\/\/ordemdazoeira.com.br\/index.php\/wp-json\/wp\/v2\/media\/444"}],"wp:attachment":[{"href":"https:\/\/ordemdazoeira.com.br\/index.php\/wp-json\/wp\/v2\/media?parent=1176"}],"wp:term":[{"taxonomy":"category","embeddable":true,"href":"https:\/\/ordemdazoeira.com.br\/index.php\/wp-json\/wp\/v2\/categories?post=1176"},{"taxonomy":"post_tag","embeddable":true,"href":"https:\/\/ordemdazoeira.com.br\/index.php\/wp-json\/wp\/v2\/tags?post=1176"}],"curies":[{"name":"wp","href":"https:\/\/api.w.org\/{rel}","templated":true}]}}