{"id":1523,"date":"2021-11-10T07:19:20","date_gmt":"2021-11-10T10:19:20","guid":{"rendered":"http:\/\/ordemdazoeira.com.br\/?p=1523"},"modified":"2021-11-10T07:19:20","modified_gmt":"2021-11-10T10:19:20","slug":"propagande-negre","status":"publish","type":"post","link":"https:\/\/ordemdazoeira.com.br\/index.php\/2021\/11\/10\/propagande-negre\/","title":{"rendered":"Propagande Negre"},"content":{"rendered":"\n<p style=\"font-size:18px\"><strong>Ser alvo de ads j\u00e1 \u00e9 um treco horr\u00edvel<\/strong>, ser alvo de ads porque voc\u00ea \u00e9 Gay, negro, judeu e cadeirante (<em>alguns ir\u00e3o sacar a piada interna, n\u00e3o se ofendam se forem todas as alternativas<\/em>) <strong>\u00e9 algo que considero mais racista e preconceituoso<\/strong> do que a piada do neg\u00e3o, o papagaio, o judeu, a bichinha e a mulher gr\u00e1vida entram num bar&#8230; n\u00e3o, pera&#8230;<\/p>\n\n\n\n<p style=\"font-size:18px\">Piadas desse tipo s\u00e3o uma coisa, levar \u00e0 s\u00e9rio essas piadas j\u00e1 \u00e9 <strong>patologia<\/strong>.<\/p>\n\n\n\n<figure class=\"wp-block-image is-style-default\"><img decoding=\"async\" src=\"https:\/\/www.hollywoodreporter.com\/wp-content\/uploads\/2014\/05\/macklemore_seattle_a_l.jpg\" alt=\"Macklemore Apologizes for Offensive Costume: &#39;A Jewish Stereotype Never  Crossed My Mind&#39; \u2013 The Hollywood Reporter\"\/><figcaption><em>Brima Zuguerberg Bode Vazer Biada<\/em><\/figcaption><\/figure>\n\n\n\n<p style=\"font-size:18px\">Mas voltando ao assunto, o Facebo&#8230; <strong>META ir\u00e1 remover as op\u00e7\u00f5es de an\u00fancios direcionados \u00e0 orienta\u00e7\u00e3o sexual, etnia, religi\u00e3o e posi\u00e7\u00e3o pol\u00edtica<\/strong> (<em>nem imagino o que os militontos Bolsominions e PTralhas v\u00eaem de ads<\/em>) <strong>porque deve dar gatilho mostrar a verdade<\/strong> e assim os psiquiatras lucram mais do que o Faceboo&#8230; META.<\/p>\n\n\n\n<div class=\"wp-block-image is-style-default\"><figure class=\"aligncenter size-large\"><img loading=\"lazy\" decoding=\"async\" width=\"1024\" height=\"734\" src=\"http:\/\/ordemdazoeira.com.br\/wp-content\/uploads\/2021\/11\/eagles_fairy-1024x734.jpg\" alt=\"\" class=\"wp-image-1526\" srcset=\"https:\/\/ordemdazoeira.com.br\/wp-content\/uploads\/2021\/11\/eagles_fairy-1024x734.jpg 1024w, https:\/\/ordemdazoeira.com.br\/wp-content\/uploads\/2021\/11\/eagles_fairy-300x215.jpg 300w, https:\/\/ordemdazoeira.com.br\/wp-content\/uploads\/2021\/11\/eagles_fairy-768x550.jpg 768w, https:\/\/ordemdazoeira.com.br\/wp-content\/uploads\/2021\/11\/eagles_fairy-936x671.jpg 936w, https:\/\/ordemdazoeira.com.br\/wp-content\/uploads\/2021\/11\/eagles_fairy.jpg 1280w\" sizes=\"auto, (max-width: 1024px) 100vw, 1024px\" \/><\/figure><\/div>\n\n\n\n<p style=\"font-size:18px\">Se algu\u00e9m fica ofendido com um an\u00fancio, <strong>o anunciante come\u00e7a a ser pintado como vil\u00e3o<\/strong> e \u00e9 &#8220;<em>cancelado<\/em>&#8221; &#8211; <em>o antigo boicote<\/em> &#8211; o que gera um problema ao Facebo&#8230; META, <strong>pois estes anunciantes largam a plataforma<\/strong>. Por outro lado alguns especialistas n\u00e3o-especificados (<em>hail Gizmodo!<\/em>) afirmam que algumas institui\u00e7\u00f5es de apoio, caridade e afins tamb\u00e9m poder\u00e3o ser prejudicadas.<\/p>\n\n\n\n<div class=\"wp-block-image is-style-default\"><figure class=\"aligncenter size-large\"><img loading=\"lazy\" decoding=\"async\" width=\"1024\" height=\"734\" src=\"http:\/\/ordemdazoeira.com.br\/wp-content\/uploads\/2021\/11\/eagles_bunny-1024x734.jpg\" alt=\"\" class=\"wp-image-1525\" srcset=\"https:\/\/ordemdazoeira.com.br\/wp-content\/uploads\/2021\/11\/eagles_bunny-1024x734.jpg 1024w, https:\/\/ordemdazoeira.com.br\/wp-content\/uploads\/2021\/11\/eagles_bunny-300x215.jpg 300w, https:\/\/ordemdazoeira.com.br\/wp-content\/uploads\/2021\/11\/eagles_bunny-768x550.jpg 768w, https:\/\/ordemdazoeira.com.br\/wp-content\/uploads\/2021\/11\/eagles_bunny-936x671.jpg 936w, https:\/\/ordemdazoeira.com.br\/wp-content\/uploads\/2021\/11\/eagles_bunny.jpg 1280w\" sizes=\"auto, (max-width: 1024px) 100vw, 1024px\" \/><\/figure><\/div>\n\n\n\n<p style=\"font-size:18px\">Engra\u00e7ado que <strong>todo algoritmo tem seu lado &#8220;<em>preconceituoso<\/em>&#8221; sem querer<\/strong>. Em 2017 os ads do Facebo&#8230; META, n\u00e3o, era Facebook ainda&#8230; <a href=\"https:\/\/www.propublica.org\/article\/facebook-enabled-advertisers-to-reach-jew-haters\" target=\"_blank\" rel=\"noreferrer noopener\">gerava ads relacionados aos termos<\/a> &#8220;<em>como queimar judeus<\/em>&#8220;, &#8220;<em>odiadores de judeus<\/em>&#8221; ou &#8220;<em>a hist\u00f3ria de como os judeus arruinaram o mundo<\/em>&#8220;. Ou a AI da Micro$oft <a href=\"https:\/\/www.cbsnews.com\/news\/microsoft-shuts-down-ai-chatbot-after-it-turned-into-racist-nazi\/\" target=\"_blank\" rel=\"noreferrer noopener\">que se tornou nazista num piscar de olhos<\/a>.<\/p>\n\n\n\n<figure class=\"wp-block-image is-style-default\"><img decoding=\"async\" src=\"https:\/\/ichef.bbci.co.uk\/images\/ic\/1920x1080\/p05yvkrw.jpg\" alt=\"Gangster rapper Nissim Black on becoming an Orthodox Jew - BBC News\"\/><figcaption><em>Shalom mudafucka!<\/em><\/figcaption><\/figure>\n\n\n\n<p style=\"font-size:18px\">Nas <strong>elei\u00e7\u00f5es da &#8216;Murica em 2020<\/strong> ads sobre coldres, miras telesc\u00f3picas, armas e outros <strong>Aparatos para Defesa da Am\u00e9rica\u2122<\/strong> pipocavam como doidos nos ads do Facebook (<em>agora t\u00e1 certo<\/em>), principalmente nas teorias malucas sobre fraudes. Estes <strong>foram pausados at\u00e9 depois do Jo\u00e3o Bid\u00ea\u2122 ter assumido o cargo<\/strong>.<\/p>\n\n\n\n<figure class=\"wp-block-image is-style-default\"><img decoding=\"async\" src=\"https:\/\/media-cldnry.s-nbcnews.com\/image\/upload\/newscms\/2021_43\/3515964\/211029-think-donald-trump-se-622p.jpg\" alt=\"Paul Barrett : Trump&#39;s Truth Social platform could make millions \u2014 or go  bust\"\/><figcaption><em>&#8220;China&#8221;<\/em><\/figcaption><\/figure>\n\n\n\n<p style=\"font-size:18px\">O Meta (<em>agora n\u00e3o me pega mais<\/em>) <strong>afirmou que ir\u00e1 criar op\u00e7\u00f5es tamb\u00e9m para diminuir ads de certos conte\u00fados<\/strong>, como perda de peso ou jogos de azar &#8211; o que \u00e9 ruim para Sua M\u00e3e\u2122, aquela jubarte intergal\u00e1tica.<\/p>\n\n\n\n<div class=\"wp-block-image is-style-default\"><figure class=\"aligncenter size-large\"><img loading=\"lazy\" decoding=\"async\" width=\"1024\" height=\"734\" src=\"http:\/\/ordemdazoeira.com.br\/wp-content\/uploads\/2021\/11\/Bad-Ad-Outcome-1-1024x734.jpg\" alt=\"\" class=\"wp-image-1524\" srcset=\"https:\/\/ordemdazoeira.com.br\/wp-content\/uploads\/2021\/11\/Bad-Ad-Outcome-1-1024x734.jpg 1024w, https:\/\/ordemdazoeira.com.br\/wp-content\/uploads\/2021\/11\/Bad-Ad-Outcome-1-300x215.jpg 300w, https:\/\/ordemdazoeira.com.br\/wp-content\/uploads\/2021\/11\/Bad-Ad-Outcome-1-768x550.jpg 768w, https:\/\/ordemdazoeira.com.br\/wp-content\/uploads\/2021\/11\/Bad-Ad-Outcome-1-936x671.jpg 936w, https:\/\/ordemdazoeira.com.br\/wp-content\/uploads\/2021\/11\/Bad-Ad-Outcome-1.jpg 1280w\" sizes=\"auto, (max-width: 1024px) 100vw, 1024px\" \/><\/figure><\/div>\n\n\n\n<p style=\"font-size:18px\">Se as pessoas que foram alvo desses an\u00fancios se sentiram ofendidas <strong>por jogarem algum n\u00edvel de verdade em suas caras<\/strong>, talvez elas que deveriam <strong>se expor menos em redes sociais<\/strong> (<em>negando adicionar detalhes na descri\u00e7\u00e3o<\/em>), pois os &#8220;<em>grandes vil\u00f5es da tecnologia<\/em>&#8221; sempre arrumar\u00e3o um jeito de lhes ofender com algo que d\u00ea lucro, pra eles.<\/p>\n\n\n\n<p><em>Fonte: <strong><a href=\"https:\/\/gizmodo.com\/meta-will-remove-ad-targeting-categories-on-sexual-orie-1848028877\" target=\"_blank\" rel=\"noreferrer noopener\">Gizmodo US<\/a><\/strong> (\u00e9, e da\u00ed?)<\/em><\/p>\n","protected":false},"excerpt":{"rendered":"<p>Ser alvo de ads j\u00e1 \u00e9 um treco horr\u00edvel, ser alvo de ads porque voc\u00ea \u00e9 Gay, negro, judeu e&#8230;<\/p>\n","protected":false},"author":3,"featured_media":1528,"comment_status":"open","ping_status":"open","sticky":false,"template":"","format":"standard","meta":{"_monsterinsights_skip_tracking":false,"_monsterinsights_sitenote_active":false,"_monsterinsights_sitenote_note":"","_monsterinsights_sitenote_category":0,"footnotes":""},"categories":[12],"tags":[95,316,315],"class_list":["post-1523","post","type-post","status-publish","format-standard","has-post-thumbnail","hentry","category-odz-tech","tag-ads","tag-facebo-meta","tag-propaganda","wpcat-12-id"],"yoast_head":"<!-- This site is optimized with the Yoast SEO plugin v24.2 - https:\/\/yoast.com\/wordpress\/plugins\/seo\/ -->\n<title>Propagande Negre - ODZ<\/title>\n<meta name=\"robots\" content=\"index, follow, max-snippet:-1, max-image-preview:large, max-video-preview:-1\" \/>\n<link rel=\"canonical\" href=\"https:\/\/ordemdazoeira.com.br\/index.php\/2021\/11\/10\/propagande-negre\/\" \/>\n<meta property=\"og:locale\" content=\"en_US\" \/>\n<meta property=\"og:type\" content=\"article\" \/>\n<meta property=\"og:title\" content=\"Propagande Negre - ODZ\" \/>\n<meta property=\"og:description\" content=\"Ser alvo de ads j\u00e1 \u00e9 um treco horr\u00edvel, ser alvo de ads porque voc\u00ea \u00e9 Gay, negro, judeu e...\" \/>\n<meta property=\"og:url\" content=\"https:\/\/ordemdazoeira.com.br\/index.php\/2021\/11\/10\/propagande-negre\/\" \/>\n<meta property=\"og:site_name\" content=\"ODZ\" \/>\n<meta property=\"article:published_time\" content=\"2021-11-10T10:19:20+00:00\" \/>\n<meta property=\"og:image\" content=\"https:\/\/ordemdazoeira.com.br\/wp-content\/uploads\/2021\/11\/racist-soap-ad-2.jpg\" \/>\n\t<meta property=\"og:image:width\" content=\"1200\" \/>\n\t<meta property=\"og:image:height\" content=\"920\" \/>\n\t<meta property=\"og:image:type\" content=\"image\/jpeg\" \/>\n<meta name=\"author\" content=\"Eric Mac Fadden\" \/>\n<meta name=\"twitter:card\" content=\"summary_large_image\" \/>\n<meta name=\"twitter:label1\" content=\"Written by\" \/>\n\t<meta name=\"twitter:data1\" content=\"Eric Mac Fadden\" \/>\n\t<meta name=\"twitter:label2\" content=\"Est. reading time\" \/>\n\t<meta name=\"twitter:data2\" content=\"3 minutes\" \/>\n<script type=\"application\/ld+json\" class=\"yoast-schema-graph\">{\"@context\":\"https:\/\/schema.org\",\"@graph\":[{\"@type\":\"WebPage\",\"@id\":\"https:\/\/ordemdazoeira.com.br\/index.php\/2021\/11\/10\/propagande-negre\/\",\"url\":\"https:\/\/ordemdazoeira.com.br\/index.php\/2021\/11\/10\/propagande-negre\/\",\"name\":\"Propagande Negre - ODZ\",\"isPartOf\":{\"@id\":\"https:\/\/ordemdazoeira.com.br\/#website\"},\"primaryImageOfPage\":{\"@id\":\"https:\/\/ordemdazoeira.com.br\/index.php\/2021\/11\/10\/propagande-negre\/#primaryimage\"},\"image\":{\"@id\":\"https:\/\/ordemdazoeira.com.br\/index.php\/2021\/11\/10\/propagande-negre\/#primaryimage\"},\"thumbnailUrl\":\"https:\/\/ordemdazoeira.com.br\/wp-content\/uploads\/2021\/11\/racist-soap-ad-2.jpg\",\"datePublished\":\"2021-11-10T10:19:20+00:00\",\"dateModified\":\"2021-11-10T10:19:20+00:00\",\"author\":{\"@id\":\"https:\/\/ordemdazoeira.com.br\/#\/schema\/person\/2307badcd996505366bf8ae557805ffc\"},\"breadcrumb\":{\"@id\":\"https:\/\/ordemdazoeira.com.br\/index.php\/2021\/11\/10\/propagande-negre\/#breadcrumb\"},\"inLanguage\":\"en-US\",\"potentialAction\":[{\"@type\":\"ReadAction\",\"target\":[\"https:\/\/ordemdazoeira.com.br\/index.php\/2021\/11\/10\/propagande-negre\/\"]}]},{\"@type\":\"ImageObject\",\"inLanguage\":\"en-US\",\"@id\":\"https:\/\/ordemdazoeira.com.br\/index.php\/2021\/11\/10\/propagande-negre\/#primaryimage\",\"url\":\"https:\/\/ordemdazoeira.com.br\/wp-content\/uploads\/2021\/11\/racist-soap-ad-2.jpg\",\"contentUrl\":\"https:\/\/ordemdazoeira.com.br\/wp-content\/uploads\/2021\/11\/racist-soap-ad-2.jpg\",\"width\":1200,\"height\":920},{\"@type\":\"BreadcrumbList\",\"@id\":\"https:\/\/ordemdazoeira.com.br\/index.php\/2021\/11\/10\/propagande-negre\/#breadcrumb\",\"itemListElement\":[{\"@type\":\"ListItem\",\"position\":1,\"name\":\"Home\",\"item\":\"https:\/\/ordemdazoeira.com.br\/\"},{\"@type\":\"ListItem\",\"position\":2,\"name\":\"Propagande Negre\"}]},{\"@type\":\"WebSite\",\"@id\":\"https:\/\/ordemdazoeira.com.br\/#website\",\"url\":\"https:\/\/ordemdazoeira.com.br\/\",\"name\":\"ODZ\",\"description\":\"\",\"potentialAction\":[{\"@type\":\"SearchAction\",\"target\":{\"@type\":\"EntryPoint\",\"urlTemplate\":\"https:\/\/ordemdazoeira.com.br\/?s={search_term_string}\"},\"query-input\":{\"@type\":\"PropertyValueSpecification\",\"valueRequired\":true,\"valueName\":\"search_term_string\"}}],\"inLanguage\":\"en-US\"},{\"@type\":\"Person\",\"@id\":\"https:\/\/ordemdazoeira.com.br\/#\/schema\/person\/2307badcd996505366bf8ae557805ffc\",\"name\":\"Eric Mac Fadden\",\"image\":{\"@type\":\"ImageObject\",\"inLanguage\":\"en-US\",\"@id\":\"https:\/\/ordemdazoeira.com.br\/#\/schema\/person\/image\/\",\"url\":\"https:\/\/secure.gravatar.com\/avatar\/7cd8f4b0b9c141fb501b64e6824599d38d5b0fcccb8c1bbc2fa728576057f990?s=96&d=mm&r=g\",\"contentUrl\":\"https:\/\/secure.gravatar.com\/avatar\/7cd8f4b0b9c141fb501b64e6824599d38d5b0fcccb8c1bbc2fa728576057f990?s=96&d=mm&r=g\",\"caption\":\"Eric Mac Fadden\"},\"url\":\"https:\/\/ordemdazoeira.com.br\/index.php\/author\/eric-mac-fadden\/\"}]}<\/script>\n<!-- \/ Yoast SEO plugin. -->","yoast_head_json":{"title":"Propagande Negre - ODZ","robots":{"index":"index","follow":"follow","max-snippet":"max-snippet:-1","max-image-preview":"max-image-preview:large","max-video-preview":"max-video-preview:-1"},"canonical":"https:\/\/ordemdazoeira.com.br\/index.php\/2021\/11\/10\/propagande-negre\/","og_locale":"en_US","og_type":"article","og_title":"Propagande Negre - ODZ","og_description":"Ser alvo de ads j\u00e1 \u00e9 um treco horr\u00edvel, ser alvo de ads porque voc\u00ea \u00e9 Gay, negro, judeu e...","og_url":"https:\/\/ordemdazoeira.com.br\/index.php\/2021\/11\/10\/propagande-negre\/","og_site_name":"ODZ","article_published_time":"2021-11-10T10:19:20+00:00","og_image":[{"width":1200,"height":920,"url":"https:\/\/ordemdazoeira.com.br\/wp-content\/uploads\/2021\/11\/racist-soap-ad-2.jpg","type":"image\/jpeg"}],"author":"Eric Mac Fadden","twitter_card":"summary_large_image","twitter_misc":{"Written by":"Eric Mac Fadden","Est. reading time":"3 minutes"},"schema":{"@context":"https:\/\/schema.org","@graph":[{"@type":"WebPage","@id":"https:\/\/ordemdazoeira.com.br\/index.php\/2021\/11\/10\/propagande-negre\/","url":"https:\/\/ordemdazoeira.com.br\/index.php\/2021\/11\/10\/propagande-negre\/","name":"Propagande Negre - ODZ","isPartOf":{"@id":"https:\/\/ordemdazoeira.com.br\/#website"},"primaryImageOfPage":{"@id":"https:\/\/ordemdazoeira.com.br\/index.php\/2021\/11\/10\/propagande-negre\/#primaryimage"},"image":{"@id":"https:\/\/ordemdazoeira.com.br\/index.php\/2021\/11\/10\/propagande-negre\/#primaryimage"},"thumbnailUrl":"https:\/\/ordemdazoeira.com.br\/wp-content\/uploads\/2021\/11\/racist-soap-ad-2.jpg","datePublished":"2021-11-10T10:19:20+00:00","dateModified":"2021-11-10T10:19:20+00:00","author":{"@id":"https:\/\/ordemdazoeira.com.br\/#\/schema\/person\/2307badcd996505366bf8ae557805ffc"},"breadcrumb":{"@id":"https:\/\/ordemdazoeira.com.br\/index.php\/2021\/11\/10\/propagande-negre\/#breadcrumb"},"inLanguage":"en-US","potentialAction":[{"@type":"ReadAction","target":["https:\/\/ordemdazoeira.com.br\/index.php\/2021\/11\/10\/propagande-negre\/"]}]},{"@type":"ImageObject","inLanguage":"en-US","@id":"https:\/\/ordemdazoeira.com.br\/index.php\/2021\/11\/10\/propagande-negre\/#primaryimage","url":"https:\/\/ordemdazoeira.com.br\/wp-content\/uploads\/2021\/11\/racist-soap-ad-2.jpg","contentUrl":"https:\/\/ordemdazoeira.com.br\/wp-content\/uploads\/2021\/11\/racist-soap-ad-2.jpg","width":1200,"height":920},{"@type":"BreadcrumbList","@id":"https:\/\/ordemdazoeira.com.br\/index.php\/2021\/11\/10\/propagande-negre\/#breadcrumb","itemListElement":[{"@type":"ListItem","position":1,"name":"Home","item":"https:\/\/ordemdazoeira.com.br\/"},{"@type":"ListItem","position":2,"name":"Propagande Negre"}]},{"@type":"WebSite","@id":"https:\/\/ordemdazoeira.com.br\/#website","url":"https:\/\/ordemdazoeira.com.br\/","name":"ODZ","description":"","potentialAction":[{"@type":"SearchAction","target":{"@type":"EntryPoint","urlTemplate":"https:\/\/ordemdazoeira.com.br\/?s={search_term_string}"},"query-input":{"@type":"PropertyValueSpecification","valueRequired":true,"valueName":"search_term_string"}}],"inLanguage":"en-US"},{"@type":"Person","@id":"https:\/\/ordemdazoeira.com.br\/#\/schema\/person\/2307badcd996505366bf8ae557805ffc","name":"Eric Mac Fadden","image":{"@type":"ImageObject","inLanguage":"en-US","@id":"https:\/\/ordemdazoeira.com.br\/#\/schema\/person\/image\/","url":"https:\/\/secure.gravatar.com\/avatar\/7cd8f4b0b9c141fb501b64e6824599d38d5b0fcccb8c1bbc2fa728576057f990?s=96&d=mm&r=g","contentUrl":"https:\/\/secure.gravatar.com\/avatar\/7cd8f4b0b9c141fb501b64e6824599d38d5b0fcccb8c1bbc2fa728576057f990?s=96&d=mm&r=g","caption":"Eric Mac Fadden"},"url":"https:\/\/ordemdazoeira.com.br\/index.php\/author\/eric-mac-fadden\/"}]}},"_links":{"self":[{"href":"https:\/\/ordemdazoeira.com.br\/index.php\/wp-json\/wp\/v2\/posts\/1523","targetHints":{"allow":["GET"]}}],"collection":[{"href":"https:\/\/ordemdazoeira.com.br\/index.php\/wp-json\/wp\/v2\/posts"}],"about":[{"href":"https:\/\/ordemdazoeira.com.br\/index.php\/wp-json\/wp\/v2\/types\/post"}],"author":[{"embeddable":true,"href":"https:\/\/ordemdazoeira.com.br\/index.php\/wp-json\/wp\/v2\/users\/3"}],"replies":[{"embeddable":true,"href":"https:\/\/ordemdazoeira.com.br\/index.php\/wp-json\/wp\/v2\/comments?post=1523"}],"version-history":[{"count":1,"href":"https:\/\/ordemdazoeira.com.br\/index.php\/wp-json\/wp\/v2\/posts\/1523\/revisions"}],"predecessor-version":[{"id":1529,"href":"https:\/\/ordemdazoeira.com.br\/index.php\/wp-json\/wp\/v2\/posts\/1523\/revisions\/1529"}],"wp:featuredmedia":[{"embeddable":true,"href":"https:\/\/ordemdazoeira.com.br\/index.php\/wp-json\/wp\/v2\/media\/1528"}],"wp:attachment":[{"href":"https:\/\/ordemdazoeira.com.br\/index.php\/wp-json\/wp\/v2\/media?parent=1523"}],"wp:term":[{"taxonomy":"category","embeddable":true,"href":"https:\/\/ordemdazoeira.com.br\/index.php\/wp-json\/wp\/v2\/categories?post=1523"},{"taxonomy":"post_tag","embeddable":true,"href":"https:\/\/ordemdazoeira.com.br\/index.php\/wp-json\/wp\/v2\/tags?post=1523"}],"curies":[{"name":"wp","href":"https:\/\/api.w.org\/{rel}","templated":true}]}}