{"id":165,"date":"2021-02-08T07:36:08","date_gmt":"2021-02-08T10:36:08","guid":{"rendered":"http:\/\/ordemdazoeira.com.br\/?p=165"},"modified":"2021-02-08T09:50:21","modified_gmt":"2021-02-08T12:50:21","slug":"contos-curtos-de-uma-longa-pandemia-2","status":"publish","type":"post","link":"https:\/\/ordemdazoeira.com.br\/index.php\/2021\/02\/08\/contos-curtos-de-uma-longa-pandemia-2\/","title":{"rendered":"Contos curtos de uma longa pandemia &#8211; 2"},"content":{"rendered":"\n<p><em>Por: <strong>Hal<\/strong> <\/em><\/p>\n\n\n\n<h2 class=\"wp-block-heading\">Bundware<\/h2>\n\n\n\n<p style=\"font-size:18px\">Isso faz tempo e agora parece engra\u00e7ado. Foi da \u00e9poca em que ainda se usava daquelas redes <strong>Novell<\/strong> com <strong>NetWare<\/strong> ou eu apenas estava num lugar parado no tempo. Voc\u00ea decide.<br>Era meu primeiro dia no <strong>Hospital<\/strong>, depois de um tour por todos os setores, incluindo a UTI (<em>Sim o trabalho era uma aventura<\/em>) estava tomando daquele esp\u00edrito comum as pessoas saud\u00e1veis cercadas de gente doente:<br>-Caraio! Olha que eu to bem hein? Apesar de tudo.<\/p>\n\n\n\n<h2 class=\"wp-block-heading\"><br>\u00daltima parada: CPD<\/h2>\n\n\n\n<p style=\"font-size:18px\"><br>Fica no complexo, mas num pr\u00e9dio isolado. Voc\u00ea subia umas escadas abria uma porta de madeira com um vidro e <em>voil\u00e1<\/em>!<br>Um lugar silencioso, isolado, sem janelas e com ar condicionado. <strong>O para\u00edso<\/strong>.<br>Ao fundo numa \u00e1rea separada por uma parede fina ficava um pequeno \u201caqu\u00e1rio\u201d com servidores, switchers e afins.<br>Bem na frente da porta do \u201caqu\u00e1rio\u201d o imponente <strong>NetWare Novell <\/strong>imperava. Logo voltaremos a falar dele.<\/p>\n\n\n\n<div class=\"wp-block-image is-style-default\"><figure class=\"aligncenter size-large is-resized\"><img decoding=\"async\" src=\"http:\/\/ordemdazoeira.com.br\/wp-content\/uploads\/2021\/02\/photo_2021-02-08_07-29-16-gigapixel-scale-2_00x-1024x803.jpg\" alt=\"\" class=\"wp-image-167\" width=\"700\" srcset=\"https:\/\/ordemdazoeira.com.br\/wp-content\/uploads\/2021\/02\/photo_2021-02-08_07-29-16-gigapixel-scale-2_00x-1024x803.jpg 1024w, https:\/\/ordemdazoeira.com.br\/wp-content\/uploads\/2021\/02\/photo_2021-02-08_07-29-16-gigapixel-scale-2_00x-300x235.jpg 300w, https:\/\/ordemdazoeira.com.br\/wp-content\/uploads\/2021\/02\/photo_2021-02-08_07-29-16-gigapixel-scale-2_00x-768x602.jpg 768w, https:\/\/ordemdazoeira.com.br\/wp-content\/uploads\/2021\/02\/photo_2021-02-08_07-29-16-gigapixel-scale-2_00x-936x734.jpg 936w, https:\/\/ordemdazoeira.com.br\/wp-content\/uploads\/2021\/02\/photo_2021-02-08_07-29-16-gigapixel-scale-2_00x.jpg 1224w\" sizes=\"(max-width: 1024px) 100vw, 1024px\" \/><figcaption><em>Finalmente, paz&#8230;.<\/em><\/figcaption><\/figure><\/div>\n\n\n\n<p style=\"font-size:18px\"><br>Fui apresentado a minha mesa, alguns protocolos e senhas. Esse tipo de coisa. O gerente do CPD ent\u00e3o se voltou para os seus afazeres insanos do dia.<br>L\u00e1 pelo meio da tarde ele me pediu que <strong>fosse at\u00e9 o aqu\u00e1rio<\/strong> para ver se estava tudo certo com o switcher, pois o pessoal de um setor estava reclamando da rede.<br>Muito bem, fui at\u00e9 a porta que me separava da <strong>santa sala dos servidores<\/strong> e\u2026<\/p>\n\n\n\n<p style=\"font-size:18px\">Caramba, <strong>n\u00e3o parecia t\u00e3o apertada da ultima vez que eu olhei<\/strong>. Mas era.<\/p>\n\n\n\n<p style=\"font-size:18px\">Sem problema! <strong>Sou um cara grande, mas flex\u00edvel<\/strong>. \u00c9 s\u00f3 passar entre a parede e o espa\u00e7o da mesa do servidor e chego no fundo onde est\u00e3o os switchers.<br>Entrei de costas, para poder me virar e ficar de frente com a rede e enquanto come\u00e7ava a me esgueirar pelo espa\u00e7o pequeno ouvi um <strong>\u201c<em>Tlec<\/em>\u201d da morte!<\/strong> Seguido por aquele suspiro caracter\u00edstico de ventoinha parando, que todo rato de CPD conhece.<\/p>\n\n\n\n<p style=\"font-size:18px\">\u00c9 isso! <strong>Eu tinha desligado o NetWare com a minha bunda!<\/strong> No primeiro dia no trampo! Deus do c\u00e9u! Como eu consegui desligar um servidor com a bunda?<br>Queria dizer que passou um filme pela minha cabe\u00e7a, mas o instinto de sobreviv\u00eancia foi t\u00e3o alto que sai me virei e <strong>liguei novamente o servidor<\/strong>. Num milion\u00e9simo de segundo.<br>Nenhum bipe! Gra\u00e7as \u00e0 Deus! S\u00f3 o som da ventoinha voltando a vida.<br>Por sorte ningu\u00e9m percebeu nada. Mas\u2026<\/p>\n\n\n\n<div class=\"wp-block-image is-style-default\"><figure class=\"aligncenter size-large is-resized\"><img decoding=\"async\" src=\"http:\/\/ordemdazoeira.com.br\/wp-content\/uploads\/2021\/02\/vintage-mainframe-computer-perforated-punched-paper-tape-1-meter-6-1024x683.jpg\" alt=\"\" class=\"wp-image-168\" width=\"700\" srcset=\"https:\/\/ordemdazoeira.com.br\/wp-content\/uploads\/2021\/02\/vintage-mainframe-computer-perforated-punched-paper-tape-1-meter-6-1024x683.jpg 1024w, https:\/\/ordemdazoeira.com.br\/wp-content\/uploads\/2021\/02\/vintage-mainframe-computer-perforated-punched-paper-tape-1-meter-6-300x200.jpg 300w, https:\/\/ordemdazoeira.com.br\/wp-content\/uploads\/2021\/02\/vintage-mainframe-computer-perforated-punched-paper-tape-1-meter-6-768x512.jpg 768w, https:\/\/ordemdazoeira.com.br\/wp-content\/uploads\/2021\/02\/vintage-mainframe-computer-perforated-punched-paper-tape-1-meter-6-936x624.jpg 936w, https:\/\/ordemdazoeira.com.br\/wp-content\/uploads\/2021\/02\/vintage-mainframe-computer-perforated-punched-paper-tape-1-meter-6.jpg 1200w\" sizes=\"(max-width: 1024px) 100vw, 1024px\" \/><figcaption><strong><em>Vai dar merda? Vai<\/em><\/strong><\/figcaption><\/figure><\/div>\n\n\n\n<p style=\"font-size:18px\"><br>A gente sabe o que acontece quando se desliga um servidor assim. N\u00e9?<br>N\u00e3o to falando de desligar com a bunda. To falando de cortar a energia <strong>sem fazer shutdown apropriado<\/strong>.<br>Na real? Nem olhei o Switcher, mandei um \u2013 <em>Olha t\u00e1 tudo certo aqui<\/em> \u2013 E voltei para minha mesa.<br>Abri o <strong>VB 6.0<\/strong> (<em>sim isso faz tempo<\/em>) E fiquei esperando o inevit\u00e1vel\u2026<br>Cinco minutos? Acho que nem isso. Come\u00e7ou.<br>Uma liga\u00e7\u00e3o, duas liga\u00e7\u00f5es. Tr\u00eas\u2026<\/p>\n\n\n\n<p style=\"font-size:18px\">O gerente olha para mim e diz:<\/p>\n\n\n\n<p style=\"font-size:18px\">&#8211;<em>Rapaz! Parece que caiu o Netware!<\/em><br>E eu &#8211; <em>\u00c9? Eita! Caiu mesmo<\/em><br>E eu &#8211; <em>Eita! Cacete vai foder o banco, liga e diz que o sistema vai parar<\/em><br>E eu \u2013 <em>\u00c9? Digo.. Ligo!<\/em><\/p>\n\n\n\n<p style=\"font-size:18px\">Tivemos que parar o sistema e reindexar todos os arquivos de um sistema gigante feito em <strong>Clipper<\/strong>.<br>No fim o gerente deu de ombros e disse: \u00c9 normal isso viu. Essa merda vive caindo.<\/p>\n\n\n\n<p style=\"font-size:18px\">Eu s\u00f3 concordei \u2013 <em>\u00c9 NetWare \u00e9 uma merda.<\/em><\/p>\n","protected":false},"excerpt":{"rendered":"<p>Por: Hal Bundware Isso faz tempo e agora parece engra\u00e7ado. Foi da \u00e9poca em que ainda se usava daquelas redes&#8230;<\/p>\n","protected":false},"author":3,"featured_media":166,"comment_status":"open","ping_status":"open","sticky":false,"template":"","format":"standard","meta":{"_monsterinsights_skip_tracking":false,"_monsterinsights_sitenote_active":false,"_monsterinsights_sitenote_note":"","_monsterinsights_sitenote_category":0,"footnotes":""},"categories":[6],"tags":[26,16,25],"class_list":["post-165","post","type-post","status-publish","format-standard","has-post-thumbnail","hentry","category-post-livre","tag-bunda","tag-contos","tag-old-tech","wpcat-6-id"],"yoast_head":"<!-- This site is optimized with the Yoast SEO plugin v24.2 - https:\/\/yoast.com\/wordpress\/plugins\/seo\/ -->\n<title>Contos curtos de uma longa pandemia - 2 - ODZ<\/title>\n<meta name=\"robots\" content=\"index, follow, max-snippet:-1, max-image-preview:large, max-video-preview:-1\" \/>\n<link rel=\"canonical\" href=\"https:\/\/ordemdazoeira.com.br\/index.php\/2021\/02\/08\/contos-curtos-de-uma-longa-pandemia-2\/\" \/>\n<meta property=\"og:locale\" content=\"en_US\" \/>\n<meta property=\"og:type\" content=\"article\" \/>\n<meta property=\"og:title\" content=\"Contos curtos de uma longa pandemia - 2 - ODZ\" \/>\n<meta property=\"og:description\" content=\"Por: Hal Bundware Isso faz tempo e agora parece engra\u00e7ado. Foi da \u00e9poca em que ainda se usava daquelas redes...\" \/>\n<meta property=\"og:url\" content=\"https:\/\/ordemdazoeira.com.br\/index.php\/2021\/02\/08\/contos-curtos-de-uma-longa-pandemia-2\/\" \/>\n<meta property=\"og:site_name\" content=\"ODZ\" \/>\n<meta property=\"article:published_time\" content=\"2021-02-08T10:36:08+00:00\" \/>\n<meta property=\"article:modified_time\" content=\"2021-02-08T12:50:21+00:00\" \/>\n<meta property=\"og:image\" content=\"https:\/\/ordemdazoeira.com.br\/wp-content\/uploads\/2021\/02\/2f357427f8825baf9cddf4f43e7aa8df-scaled.jpg\" \/>\n\t<meta property=\"og:image:width\" content=\"2560\" \/>\n\t<meta property=\"og:image:height\" content=\"2080\" \/>\n\t<meta property=\"og:image:type\" content=\"image\/jpeg\" \/>\n<meta name=\"author\" content=\"Eric Mac Fadden\" \/>\n<meta name=\"twitter:card\" content=\"summary_large_image\" \/>\n<meta name=\"twitter:label1\" content=\"Written by\" \/>\n\t<meta name=\"twitter:data1\" content=\"Eric Mac Fadden\" \/>\n\t<meta name=\"twitter:label2\" content=\"Est. reading time\" \/>\n\t<meta name=\"twitter:data2\" content=\"3 minutes\" \/>\n<script type=\"application\/ld+json\" class=\"yoast-schema-graph\">{\"@context\":\"https:\/\/schema.org\",\"@graph\":[{\"@type\":\"WebPage\",\"@id\":\"https:\/\/ordemdazoeira.com.br\/index.php\/2021\/02\/08\/contos-curtos-de-uma-longa-pandemia-2\/\",\"url\":\"https:\/\/ordemdazoeira.com.br\/index.php\/2021\/02\/08\/contos-curtos-de-uma-longa-pandemia-2\/\",\"name\":\"Contos curtos de uma longa pandemia - 2 - ODZ\",\"isPartOf\":{\"@id\":\"https:\/\/ordemdazoeira.com.br\/#website\"},\"primaryImageOfPage\":{\"@id\":\"https:\/\/ordemdazoeira.com.br\/index.php\/2021\/02\/08\/contos-curtos-de-uma-longa-pandemia-2\/#primaryimage\"},\"image\":{\"@id\":\"https:\/\/ordemdazoeira.com.br\/index.php\/2021\/02\/08\/contos-curtos-de-uma-longa-pandemia-2\/#primaryimage\"},\"thumbnailUrl\":\"https:\/\/ordemdazoeira.com.br\/wp-content\/uploads\/2021\/02\/2f357427f8825baf9cddf4f43e7aa8df-scaled.jpg\",\"datePublished\":\"2021-02-08T10:36:08+00:00\",\"dateModified\":\"2021-02-08T12:50:21+00:00\",\"author\":{\"@id\":\"https:\/\/ordemdazoeira.com.br\/#\/schema\/person\/2307badcd996505366bf8ae557805ffc\"},\"breadcrumb\":{\"@id\":\"https:\/\/ordemdazoeira.com.br\/index.php\/2021\/02\/08\/contos-curtos-de-uma-longa-pandemia-2\/#breadcrumb\"},\"inLanguage\":\"en-US\",\"potentialAction\":[{\"@type\":\"ReadAction\",\"target\":[\"https:\/\/ordemdazoeira.com.br\/index.php\/2021\/02\/08\/contos-curtos-de-uma-longa-pandemia-2\/\"]}]},{\"@type\":\"ImageObject\",\"inLanguage\":\"en-US\",\"@id\":\"https:\/\/ordemdazoeira.com.br\/index.php\/2021\/02\/08\/contos-curtos-de-uma-longa-pandemia-2\/#primaryimage\",\"url\":\"https:\/\/ordemdazoeira.com.br\/wp-content\/uploads\/2021\/02\/2f357427f8825baf9cddf4f43e7aa8df-scaled.jpg\",\"contentUrl\":\"https:\/\/ordemdazoeira.com.br\/wp-content\/uploads\/2021\/02\/2f357427f8825baf9cddf4f43e7aa8df-scaled.jpg\",\"width\":2560,\"height\":2080},{\"@type\":\"BreadcrumbList\",\"@id\":\"https:\/\/ordemdazoeira.com.br\/index.php\/2021\/02\/08\/contos-curtos-de-uma-longa-pandemia-2\/#breadcrumb\",\"itemListElement\":[{\"@type\":\"ListItem\",\"position\":1,\"name\":\"Home\",\"item\":\"https:\/\/ordemdazoeira.com.br\/\"},{\"@type\":\"ListItem\",\"position\":2,\"name\":\"Contos curtos de uma longa pandemia &#8211; 2\"}]},{\"@type\":\"WebSite\",\"@id\":\"https:\/\/ordemdazoeira.com.br\/#website\",\"url\":\"https:\/\/ordemdazoeira.com.br\/\",\"name\":\"ODZ\",\"description\":\"\",\"potentialAction\":[{\"@type\":\"SearchAction\",\"target\":{\"@type\":\"EntryPoint\",\"urlTemplate\":\"https:\/\/ordemdazoeira.com.br\/?s={search_term_string}\"},\"query-input\":{\"@type\":\"PropertyValueSpecification\",\"valueRequired\":true,\"valueName\":\"search_term_string\"}}],\"inLanguage\":\"en-US\"},{\"@type\":\"Person\",\"@id\":\"https:\/\/ordemdazoeira.com.br\/#\/schema\/person\/2307badcd996505366bf8ae557805ffc\",\"name\":\"Eric Mac Fadden\",\"image\":{\"@type\":\"ImageObject\",\"inLanguage\":\"en-US\",\"@id\":\"https:\/\/ordemdazoeira.com.br\/#\/schema\/person\/image\/\",\"url\":\"https:\/\/secure.gravatar.com\/avatar\/7cd8f4b0b9c141fb501b64e6824599d38d5b0fcccb8c1bbc2fa728576057f990?s=96&d=mm&r=g\",\"contentUrl\":\"https:\/\/secure.gravatar.com\/avatar\/7cd8f4b0b9c141fb501b64e6824599d38d5b0fcccb8c1bbc2fa728576057f990?s=96&d=mm&r=g\",\"caption\":\"Eric Mac Fadden\"},\"url\":\"https:\/\/ordemdazoeira.com.br\/index.php\/author\/eric-mac-fadden\/\"}]}<\/script>\n<!-- \/ Yoast SEO plugin. -->","yoast_head_json":{"title":"Contos curtos de uma longa pandemia - 2 - ODZ","robots":{"index":"index","follow":"follow","max-snippet":"max-snippet:-1","max-image-preview":"max-image-preview:large","max-video-preview":"max-video-preview:-1"},"canonical":"https:\/\/ordemdazoeira.com.br\/index.php\/2021\/02\/08\/contos-curtos-de-uma-longa-pandemia-2\/","og_locale":"en_US","og_type":"article","og_title":"Contos curtos de uma longa pandemia - 2 - ODZ","og_description":"Por: Hal Bundware Isso faz tempo e agora parece engra\u00e7ado. Foi da \u00e9poca em que ainda se usava daquelas redes...","og_url":"https:\/\/ordemdazoeira.com.br\/index.php\/2021\/02\/08\/contos-curtos-de-uma-longa-pandemia-2\/","og_site_name":"ODZ","article_published_time":"2021-02-08T10:36:08+00:00","article_modified_time":"2021-02-08T12:50:21+00:00","og_image":[{"width":2560,"height":2080,"url":"https:\/\/ordemdazoeira.com.br\/wp-content\/uploads\/2021\/02\/2f357427f8825baf9cddf4f43e7aa8df-scaled.jpg","type":"image\/jpeg"}],"author":"Eric Mac Fadden","twitter_card":"summary_large_image","twitter_misc":{"Written by":"Eric Mac Fadden","Est. reading time":"3 minutes"},"schema":{"@context":"https:\/\/schema.org","@graph":[{"@type":"WebPage","@id":"https:\/\/ordemdazoeira.com.br\/index.php\/2021\/02\/08\/contos-curtos-de-uma-longa-pandemia-2\/","url":"https:\/\/ordemdazoeira.com.br\/index.php\/2021\/02\/08\/contos-curtos-de-uma-longa-pandemia-2\/","name":"Contos curtos de uma longa pandemia - 2 - ODZ","isPartOf":{"@id":"https:\/\/ordemdazoeira.com.br\/#website"},"primaryImageOfPage":{"@id":"https:\/\/ordemdazoeira.com.br\/index.php\/2021\/02\/08\/contos-curtos-de-uma-longa-pandemia-2\/#primaryimage"},"image":{"@id":"https:\/\/ordemdazoeira.com.br\/index.php\/2021\/02\/08\/contos-curtos-de-uma-longa-pandemia-2\/#primaryimage"},"thumbnailUrl":"https:\/\/ordemdazoeira.com.br\/wp-content\/uploads\/2021\/02\/2f357427f8825baf9cddf4f43e7aa8df-scaled.jpg","datePublished":"2021-02-08T10:36:08+00:00","dateModified":"2021-02-08T12:50:21+00:00","author":{"@id":"https:\/\/ordemdazoeira.com.br\/#\/schema\/person\/2307badcd996505366bf8ae557805ffc"},"breadcrumb":{"@id":"https:\/\/ordemdazoeira.com.br\/index.php\/2021\/02\/08\/contos-curtos-de-uma-longa-pandemia-2\/#breadcrumb"},"inLanguage":"en-US","potentialAction":[{"@type":"ReadAction","target":["https:\/\/ordemdazoeira.com.br\/index.php\/2021\/02\/08\/contos-curtos-de-uma-longa-pandemia-2\/"]}]},{"@type":"ImageObject","inLanguage":"en-US","@id":"https:\/\/ordemdazoeira.com.br\/index.php\/2021\/02\/08\/contos-curtos-de-uma-longa-pandemia-2\/#primaryimage","url":"https:\/\/ordemdazoeira.com.br\/wp-content\/uploads\/2021\/02\/2f357427f8825baf9cddf4f43e7aa8df-scaled.jpg","contentUrl":"https:\/\/ordemdazoeira.com.br\/wp-content\/uploads\/2021\/02\/2f357427f8825baf9cddf4f43e7aa8df-scaled.jpg","width":2560,"height":2080},{"@type":"BreadcrumbList","@id":"https:\/\/ordemdazoeira.com.br\/index.php\/2021\/02\/08\/contos-curtos-de-uma-longa-pandemia-2\/#breadcrumb","itemListElement":[{"@type":"ListItem","position":1,"name":"Home","item":"https:\/\/ordemdazoeira.com.br\/"},{"@type":"ListItem","position":2,"name":"Contos curtos de uma longa pandemia &#8211; 2"}]},{"@type":"WebSite","@id":"https:\/\/ordemdazoeira.com.br\/#website","url":"https:\/\/ordemdazoeira.com.br\/","name":"ODZ","description":"","potentialAction":[{"@type":"SearchAction","target":{"@type":"EntryPoint","urlTemplate":"https:\/\/ordemdazoeira.com.br\/?s={search_term_string}"},"query-input":{"@type":"PropertyValueSpecification","valueRequired":true,"valueName":"search_term_string"}}],"inLanguage":"en-US"},{"@type":"Person","@id":"https:\/\/ordemdazoeira.com.br\/#\/schema\/person\/2307badcd996505366bf8ae557805ffc","name":"Eric Mac Fadden","image":{"@type":"ImageObject","inLanguage":"en-US","@id":"https:\/\/ordemdazoeira.com.br\/#\/schema\/person\/image\/","url":"https:\/\/secure.gravatar.com\/avatar\/7cd8f4b0b9c141fb501b64e6824599d38d5b0fcccb8c1bbc2fa728576057f990?s=96&d=mm&r=g","contentUrl":"https:\/\/secure.gravatar.com\/avatar\/7cd8f4b0b9c141fb501b64e6824599d38d5b0fcccb8c1bbc2fa728576057f990?s=96&d=mm&r=g","caption":"Eric Mac Fadden"},"url":"https:\/\/ordemdazoeira.com.br\/index.php\/author\/eric-mac-fadden\/"}]}},"_links":{"self":[{"href":"https:\/\/ordemdazoeira.com.br\/index.php\/wp-json\/wp\/v2\/posts\/165","targetHints":{"allow":["GET"]}}],"collection":[{"href":"https:\/\/ordemdazoeira.com.br\/index.php\/wp-json\/wp\/v2\/posts"}],"about":[{"href":"https:\/\/ordemdazoeira.com.br\/index.php\/wp-json\/wp\/v2\/types\/post"}],"author":[{"embeddable":true,"href":"https:\/\/ordemdazoeira.com.br\/index.php\/wp-json\/wp\/v2\/users\/3"}],"replies":[{"embeddable":true,"href":"https:\/\/ordemdazoeira.com.br\/index.php\/wp-json\/wp\/v2\/comments?post=165"}],"version-history":[{"count":3,"href":"https:\/\/ordemdazoeira.com.br\/index.php\/wp-json\/wp\/v2\/posts\/165\/revisions"}],"predecessor-version":[{"id":171,"href":"https:\/\/ordemdazoeira.com.br\/index.php\/wp-json\/wp\/v2\/posts\/165\/revisions\/171"}],"wp:featuredmedia":[{"embeddable":true,"href":"https:\/\/ordemdazoeira.com.br\/index.php\/wp-json\/wp\/v2\/media\/166"}],"wp:attachment":[{"href":"https:\/\/ordemdazoeira.com.br\/index.php\/wp-json\/wp\/v2\/media?parent=165"}],"wp:term":[{"taxonomy":"category","embeddable":true,"href":"https:\/\/ordemdazoeira.com.br\/index.php\/wp-json\/wp\/v2\/categories?post=165"},{"taxonomy":"post_tag","embeddable":true,"href":"https:\/\/ordemdazoeira.com.br\/index.php\/wp-json\/wp\/v2\/tags?post=165"}],"curies":[{"name":"wp","href":"https:\/\/api.w.org\/{rel}","templated":true}]}}