{"id":2153,"date":"2022-04-18T07:20:37","date_gmt":"2022-04-18T10:20:37","guid":{"rendered":"http:\/\/ordemdazoeira.com.br\/?p=2153"},"modified":"2022-04-18T07:20:37","modified_gmt":"2022-04-18T10:20:37","slug":"odz-news-52","status":"publish","type":"post","link":"https:\/\/ordemdazoeira.com.br\/index.php\/2022\/04\/18\/odz-news-52\/","title":{"rendered":"ODZ News"},"content":{"rendered":"\n<h2 class=\"wp-block-heading\">O onze falha novamente<\/h2>\n\n\n\n<p style=\"font-size:18px\">Apesar do <strong>erro 0xc1900101<\/strong> estar aparecendo mais pros que usam a vers\u00e3o de preview do Wind\u00e3o \u2122ONZE!\u2122, pobres usu\u00e1rios comuns tamb\u00e9m andam reclamando do problema pro Tio Bill\u2122.<\/p>\n\n\n\n<div class=\"wp-block-image\"><figure class=\"aligncenter size-large\"><img loading=\"lazy\" decoding=\"async\" width=\"1024\" height=\"556\" src=\"http:\/\/ordemdazoeira.com.br\/wp-content\/uploads\/2022\/04\/error-0xc1900101-1024x556.png\" alt=\"\" class=\"wp-image-2154\" srcset=\"https:\/\/ordemdazoeira.com.br\/wp-content\/uploads\/2022\/04\/error-0xc1900101-1024x556.png 1024w, https:\/\/ordemdazoeira.com.br\/wp-content\/uploads\/2022\/04\/error-0xc1900101-300x163.png 300w, https:\/\/ordemdazoeira.com.br\/wp-content\/uploads\/2022\/04\/error-0xc1900101-768x417.png 768w, https:\/\/ordemdazoeira.com.br\/wp-content\/uploads\/2022\/04\/error-0xc1900101-936x508.png 936w, https:\/\/ordemdazoeira.com.br\/wp-content\/uploads\/2022\/04\/error-0xc1900101.png 1200w\" sizes=\"auto, (max-width: 1024px) 100vw, 1024px\" \/><\/figure><\/div>\n\n\n\n<p style=\"font-size:18px\">Gente doida que usa o W11 em VM tamb\u00e9m relata estas <strong>falhando miseravelmente em funcionar por causa do update<\/strong>, tem gente tamb\u00e9m conseguindo resolver ap\u00f3s <strong>atualizar manualmente o driver de v\u00eddeo<\/strong>.<\/p>\n\n\n\n<p style=\"font-size:18px\">E a resposta da MS al\u00e9m de gen\u00e9rica &#8211; <em>como o c\u00f3digo do erro<\/em> &#8211; diz que est\u00e1 &#8220;<em>monitorando de perto<\/em>&#8221; a situa\u00e7\u00e3o.<\/p>\n\n\n\n<p style=\"font-size:18px\">N\u00f3s sabemos&#8230; n\u00f3s sabemos&#8230;<\/p>\n\n\n\n<p><em>Fonte: <strong><a href=\"https:\/\/www.techradar.com\/news\/windows-11-updates-are-failing-to-install-with-this-weird-error\" target=\"_blank\" rel=\"noreferrer noopener\">TechRadar<\/a><\/strong><\/em><\/p>\n\n\n\n<h2 class=\"wp-block-heading\">Tesla sem carregador na caixa<\/h2>\n\n\n\n<p style=\"font-size:18px\">Acompanhando a tend\u00eancia &#8220;<em>ecologicamente correta de merda<\/em>&#8221; da Apple e em seguida da Samsung, chegou a vez do l\u00edder ideol\u00f3gico do Twitter anunciar que <strong>os j\u00e1 caros Tesla vir\u00e3o sem o adaptador de tomada comum para carregamento<\/strong> dos b\u00f3lidos el\u00e9tricos.<\/p>\n\n\n\n<div class=\"wp-block-image\"><figure class=\"aligncenter size-large\"><img loading=\"lazy\" decoding=\"async\" width=\"1024\" height=\"576\" src=\"http:\/\/ordemdazoeira.com.br\/wp-content\/uploads\/2022\/04\/tesla-1024x576.jpg\" alt=\"\" class=\"wp-image-2155\" srcset=\"https:\/\/ordemdazoeira.com.br\/wp-content\/uploads\/2022\/04\/tesla-1024x576.jpg 1024w, https:\/\/ordemdazoeira.com.br\/wp-content\/uploads\/2022\/04\/tesla-300x169.jpg 300w, https:\/\/ordemdazoeira.com.br\/wp-content\/uploads\/2022\/04\/tesla-768x432.jpg 768w, https:\/\/ordemdazoeira.com.br\/wp-content\/uploads\/2022\/04\/tesla-936x527.jpg 936w, https:\/\/ordemdazoeira.com.br\/wp-content\/uploads\/2022\/04\/tesla.jpg 1280w\" sizes=\"auto, (max-width: 1024px) 100vw, 1024px\" \/><\/figure><\/div>\n\n\n\n<p style=\"font-size:18px\">Segundo El\u00e3o respondendo \u00e0 algu\u00e9m (<em>no Twitter, claro<\/em>) afirmou que o uso do acess\u00f3rio era muito pequeno pra vir com o carro, e disse que <strong>baixou o valor do kit para $200 <\/strong>&#8211; <em>apesar de estar em falta e ser listado ainda em $275<\/em> &#8211; e depois mudou a resposta para &#8220;<em>segundo feedback<\/em>&#8220;.<\/p>\n\n\n\n<p style=\"font-size:18px\">&#8220;<em>Donos<\/em>&#8221; de Teslas que viajam, acampam e usam o autom\u00f3vel durante longos per\u00edodos &#8220;<em>fora da base<\/em>&#8221; <a href=\"https:\/\/twitter.com\/kimpaquette\/status\/1515516189056946176\" target=\"_blank\" rel=\"noreferrer noopener\">reclamaram e xingaram muito no Twitter<\/a> &#8211; \u00e9<em> verdade esse bilhete, pois em 2019 a empresa mandou embora e fechou seu departamento de rela\u00e7\u00f5es p\u00fablicas<\/em> &#8211; pois o acess\u00f3rio lhes era deveras \u00fatil.<\/p>\n\n\n\n<p style=\"font-size:18px\">Todos os outros carros &#8211; <em>com exce\u00e7\u00e3o do <a href=\"https:\/\/electrek.co\/2022\/02\/04\/kia-ev6-first-drive-10-things-i-didnt-know-about-the-big-310-mile-every-person-sportwagon\/\" target=\"_blank\" rel=\"noreferrer noopener\">Kia EV6<\/a><\/em> &#8211; v\u00eam com o kit para carregamento em tomada comum.<\/p>\n\n\n\n<p><em>Fonte: <strong><a href=\"https:\/\/www.theverge.com\/2022\/4\/17\/23029094\/tesla-no-longer-include-mobile-chargers-every-car-purchase\" target=\"_blank\" rel=\"noreferrer noopener\">The Verge<\/a><\/strong><\/em><\/p>\n\n\n\n<h2 class=\"wp-block-heading\">Kirk Morricone<\/h2>\n\n\n\n<p style=\"font-size:18px\">Kirk Hammet, o <em>guitarrista solo-que-n\u00e3o-canta-e-pinta-as-unhas<\/em> do Metallica em breve lan\u00e7ar\u00e1 seu primeiro disco-solo, por\u00e9m diferente &#8211; <em>o EP com quatro m\u00fasicas sai dia 23 de abril<\/em>. A faixa abaixo <strong>mostra uma influ\u00eancia monstro de Iron Maiden<\/strong> &#8211; <em>principalmente a intro quase id\u00eantica \u00e0 To Tame a Land dos ingleses<\/em>.<\/p>\n\n\n\n<figure class=\"wp-block-embed aligncenter is-type-video is-provider-youtube wp-block-embed-youtube wp-embed-aspect-4-3 wp-has-aspect-ratio\"><div class=\"wp-block-embed__wrapper\">\n<iframe loading=\"lazy\" title=\"High Plains Drifter\" width=\"500\" height=\"375\" src=\"https:\/\/www.youtube.com\/embed\/HBdCdd5Hiqk?feature=oembed\" frameborder=\"0\" allow=\"accelerometer; autoplay; clipboard-write; encrypted-media; gyroscope; picture-in-picture; web-share\" referrerpolicy=\"strict-origin-when-cross-origin\" allowfullscreen><\/iframe>\n<\/div><\/figure>\n\n\n\n<p style=\"font-size:18px\">Comparem as introdu\u00e7\u00f5es:<\/p>\n\n\n\n<figure class=\"wp-block-embed aligncenter is-type-video is-provider-youtube wp-block-embed-youtube wp-embed-aspect-4-3 wp-has-aspect-ratio\"><div class=\"wp-block-embed__wrapper\">\n<iframe loading=\"lazy\" title=\"To Tame a Land (2015 Remaster)\" width=\"500\" height=\"375\" src=\"https:\/\/www.youtube.com\/embed\/OtG5bXF0DZM?feature=oembed\" frameborder=\"0\" allow=\"accelerometer; autoplay; clipboard-write; encrypted-media; gyroscope; picture-in-picture; web-share\" referrerpolicy=\"strict-origin-when-cross-origin\" allowfullscreen><\/iframe>\n<\/div><\/figure>\n\n\n\n<p style=\"font-size:18px\">Com colabora\u00e7\u00f5es de <strong>integrantes da Filarm\u00f4nica de Los Angeles<\/strong>, as composi\u00e7\u00f5es ser\u00e3o homenagens ao amor que Hammet tem por filmes cl\u00e1ssicos de Western e terror, como tamb\u00e9m mostrou sua cole\u00e7\u00e3o na exibi\u00e7\u00e3o <strong>It&#8217;s Alive<\/strong> em um museu em Salem, Massachussetts.<\/p>\n\n\n\n<figure class=\"wp-block-embed aligncenter is-type-video is-provider-youtube wp-block-embed-youtube wp-embed-aspect-16-9 wp-has-aspect-ratio\"><div class=\"wp-block-embed__wrapper\">\n<iframe loading=\"lazy\" title=\"It&#039;s Alive! Tour with Kirk Hammett\" width=\"500\" height=\"281\" src=\"https:\/\/www.youtube.com\/embed\/videoseries?list=PLlv7KbJCSIEgnS5l3BqJ4zxBmUzz0PaDS\" frameborder=\"0\" allow=\"accelerometer; autoplay; clipboard-write; encrypted-media; gyroscope; picture-in-picture; web-share\" referrerpolicy=\"strict-origin-when-cross-origin\" allowfullscreen><\/iframe>\n<\/div><\/figure>\n\n\n\n<p style=\"font-size:18px\">Eis algo diferente que me empolgou para ouvir.<\/p>\n\n\n\n<p><em>Fonte: <strong><a href=\"https:\/\/www.youtube.com\/channel\/UCueHdsrRe20xIC9dVF7gf1A\" target=\"_blank\" rel=\"noreferrer noopener\">YouTube<\/a><\/strong><\/em><\/p>\n\n\n\n<p>Ah \u00e9, fa\u00e7o 40 hoje. A vida come\u00e7a a se esvair&#8230;<\/p>\n","protected":false},"excerpt":{"rendered":"<p>O onze falha novamente Apesar do erro 0xc1900101 estar aparecendo mais pros que usam a vers\u00e3o de preview do Wind\u00e3o&#8230;<\/p>\n","protected":false},"author":3,"featured_media":444,"comment_status":"open","ping_status":"open","sticky":false,"template":"","format":"standard","meta":{"_monsterinsights_skip_tracking":false,"_monsterinsights_sitenote_active":false,"_monsterinsights_sitenote_note":"","_monsterinsights_sitenote_category":0,"footnotes":""},"categories":[109],"tags":[],"class_list":["post-2153","post","type-post","status-publish","format-standard","has-post-thumbnail","hentry","category-odz-news","wpcat-109-id"],"yoast_head":"<!-- This site is optimized with the Yoast SEO plugin v24.2 - https:\/\/yoast.com\/wordpress\/plugins\/seo\/ -->\n<title>ODZ News - ODZ<\/title>\n<meta name=\"robots\" content=\"index, follow, max-snippet:-1, max-image-preview:large, max-video-preview:-1\" \/>\n<link rel=\"canonical\" href=\"https:\/\/ordemdazoeira.com.br\/index.php\/2022\/04\/18\/odz-news-52\/\" \/>\n<meta property=\"og:locale\" content=\"en_US\" \/>\n<meta property=\"og:type\" content=\"article\" \/>\n<meta property=\"og:title\" content=\"ODZ News - ODZ\" \/>\n<meta property=\"og:description\" content=\"O onze falha novamente Apesar do erro 0xc1900101 estar aparecendo mais pros que usam a vers\u00e3o de preview do Wind\u00e3o...\" \/>\n<meta property=\"og:url\" content=\"https:\/\/ordemdazoeira.com.br\/index.php\/2022\/04\/18\/odz-news-52\/\" \/>\n<meta property=\"og:site_name\" content=\"ODZ\" \/>\n<meta property=\"article:published_time\" content=\"2022-04-18T10:20:37+00:00\" \/>\n<meta property=\"og:image\" content=\"https:\/\/ordemdazoeira.com.br\/wp-content\/uploads\/2021\/04\/ODZ-NEWS-LOGO.jpg\" \/>\n\t<meta property=\"og:image:width\" content=\"1920\" \/>\n\t<meta property=\"og:image:height\" content=\"1080\" \/>\n\t<meta property=\"og:image:type\" content=\"image\/jpeg\" \/>\n<meta name=\"author\" content=\"Eric Mac Fadden\" \/>\n<meta name=\"twitter:card\" content=\"summary_large_image\" \/>\n<meta name=\"twitter:label1\" content=\"Written by\" \/>\n\t<meta name=\"twitter:data1\" content=\"Eric Mac Fadden\" \/>\n\t<meta name=\"twitter:label2\" content=\"Est. reading time\" \/>\n\t<meta name=\"twitter:data2\" content=\"3 minutes\" \/>\n<script type=\"application\/ld+json\" class=\"yoast-schema-graph\">{\"@context\":\"https:\/\/schema.org\",\"@graph\":[{\"@type\":\"WebPage\",\"@id\":\"https:\/\/ordemdazoeira.com.br\/index.php\/2022\/04\/18\/odz-news-52\/\",\"url\":\"https:\/\/ordemdazoeira.com.br\/index.php\/2022\/04\/18\/odz-news-52\/\",\"name\":\"ODZ News - ODZ\",\"isPartOf\":{\"@id\":\"https:\/\/ordemdazoeira.com.br\/#website\"},\"primaryImageOfPage\":{\"@id\":\"https:\/\/ordemdazoeira.com.br\/index.php\/2022\/04\/18\/odz-news-52\/#primaryimage\"},\"image\":{\"@id\":\"https:\/\/ordemdazoeira.com.br\/index.php\/2022\/04\/18\/odz-news-52\/#primaryimage\"},\"thumbnailUrl\":\"https:\/\/ordemdazoeira.com.br\/wp-content\/uploads\/2021\/04\/ODZ-NEWS-LOGO.jpg\",\"datePublished\":\"2022-04-18T10:20:37+00:00\",\"dateModified\":\"2022-04-18T10:20:37+00:00\",\"author\":{\"@id\":\"https:\/\/ordemdazoeira.com.br\/#\/schema\/person\/2307badcd996505366bf8ae557805ffc\"},\"breadcrumb\":{\"@id\":\"https:\/\/ordemdazoeira.com.br\/index.php\/2022\/04\/18\/odz-news-52\/#breadcrumb\"},\"inLanguage\":\"en-US\",\"potentialAction\":[{\"@type\":\"ReadAction\",\"target\":[\"https:\/\/ordemdazoeira.com.br\/index.php\/2022\/04\/18\/odz-news-52\/\"]}]},{\"@type\":\"ImageObject\",\"inLanguage\":\"en-US\",\"@id\":\"https:\/\/ordemdazoeira.com.br\/index.php\/2022\/04\/18\/odz-news-52\/#primaryimage\",\"url\":\"https:\/\/ordemdazoeira.com.br\/wp-content\/uploads\/2021\/04\/ODZ-NEWS-LOGO.jpg\",\"contentUrl\":\"https:\/\/ordemdazoeira.com.br\/wp-content\/uploads\/2021\/04\/ODZ-NEWS-LOGO.jpg\",\"width\":1920,\"height\":1080},{\"@type\":\"BreadcrumbList\",\"@id\":\"https:\/\/ordemdazoeira.com.br\/index.php\/2022\/04\/18\/odz-news-52\/#breadcrumb\",\"itemListElement\":[{\"@type\":\"ListItem\",\"position\":1,\"name\":\"Home\",\"item\":\"https:\/\/ordemdazoeira.com.br\/\"},{\"@type\":\"ListItem\",\"position\":2,\"name\":\"ODZ News\"}]},{\"@type\":\"WebSite\",\"@id\":\"https:\/\/ordemdazoeira.com.br\/#website\",\"url\":\"https:\/\/ordemdazoeira.com.br\/\",\"name\":\"ODZ\",\"description\":\"\",\"potentialAction\":[{\"@type\":\"SearchAction\",\"target\":{\"@type\":\"EntryPoint\",\"urlTemplate\":\"https:\/\/ordemdazoeira.com.br\/?s={search_term_string}\"},\"query-input\":{\"@type\":\"PropertyValueSpecification\",\"valueRequired\":true,\"valueName\":\"search_term_string\"}}],\"inLanguage\":\"en-US\"},{\"@type\":\"Person\",\"@id\":\"https:\/\/ordemdazoeira.com.br\/#\/schema\/person\/2307badcd996505366bf8ae557805ffc\",\"name\":\"Eric Mac Fadden\",\"image\":{\"@type\":\"ImageObject\",\"inLanguage\":\"en-US\",\"@id\":\"https:\/\/ordemdazoeira.com.br\/#\/schema\/person\/image\/\",\"url\":\"https:\/\/secure.gravatar.com\/avatar\/7cd8f4b0b9c141fb501b64e6824599d38d5b0fcccb8c1bbc2fa728576057f990?s=96&d=mm&r=g\",\"contentUrl\":\"https:\/\/secure.gravatar.com\/avatar\/7cd8f4b0b9c141fb501b64e6824599d38d5b0fcccb8c1bbc2fa728576057f990?s=96&d=mm&r=g\",\"caption\":\"Eric Mac Fadden\"},\"url\":\"https:\/\/ordemdazoeira.com.br\/index.php\/author\/eric-mac-fadden\/\"}]}<\/script>\n<!-- \/ Yoast SEO plugin. -->","yoast_head_json":{"title":"ODZ News - ODZ","robots":{"index":"index","follow":"follow","max-snippet":"max-snippet:-1","max-image-preview":"max-image-preview:large","max-video-preview":"max-video-preview:-1"},"canonical":"https:\/\/ordemdazoeira.com.br\/index.php\/2022\/04\/18\/odz-news-52\/","og_locale":"en_US","og_type":"article","og_title":"ODZ News - ODZ","og_description":"O onze falha novamente Apesar do erro 0xc1900101 estar aparecendo mais pros que usam a vers\u00e3o de preview do Wind\u00e3o...","og_url":"https:\/\/ordemdazoeira.com.br\/index.php\/2022\/04\/18\/odz-news-52\/","og_site_name":"ODZ","article_published_time":"2022-04-18T10:20:37+00:00","og_image":[{"width":1920,"height":1080,"url":"https:\/\/ordemdazoeira.com.br\/wp-content\/uploads\/2021\/04\/ODZ-NEWS-LOGO.jpg","type":"image\/jpeg"}],"author":"Eric Mac Fadden","twitter_card":"summary_large_image","twitter_misc":{"Written by":"Eric Mac Fadden","Est. reading time":"3 minutes"},"schema":{"@context":"https:\/\/schema.org","@graph":[{"@type":"WebPage","@id":"https:\/\/ordemdazoeira.com.br\/index.php\/2022\/04\/18\/odz-news-52\/","url":"https:\/\/ordemdazoeira.com.br\/index.php\/2022\/04\/18\/odz-news-52\/","name":"ODZ News - ODZ","isPartOf":{"@id":"https:\/\/ordemdazoeira.com.br\/#website"},"primaryImageOfPage":{"@id":"https:\/\/ordemdazoeira.com.br\/index.php\/2022\/04\/18\/odz-news-52\/#primaryimage"},"image":{"@id":"https:\/\/ordemdazoeira.com.br\/index.php\/2022\/04\/18\/odz-news-52\/#primaryimage"},"thumbnailUrl":"https:\/\/ordemdazoeira.com.br\/wp-content\/uploads\/2021\/04\/ODZ-NEWS-LOGO.jpg","datePublished":"2022-04-18T10:20:37+00:00","dateModified":"2022-04-18T10:20:37+00:00","author":{"@id":"https:\/\/ordemdazoeira.com.br\/#\/schema\/person\/2307badcd996505366bf8ae557805ffc"},"breadcrumb":{"@id":"https:\/\/ordemdazoeira.com.br\/index.php\/2022\/04\/18\/odz-news-52\/#breadcrumb"},"inLanguage":"en-US","potentialAction":[{"@type":"ReadAction","target":["https:\/\/ordemdazoeira.com.br\/index.php\/2022\/04\/18\/odz-news-52\/"]}]},{"@type":"ImageObject","inLanguage":"en-US","@id":"https:\/\/ordemdazoeira.com.br\/index.php\/2022\/04\/18\/odz-news-52\/#primaryimage","url":"https:\/\/ordemdazoeira.com.br\/wp-content\/uploads\/2021\/04\/ODZ-NEWS-LOGO.jpg","contentUrl":"https:\/\/ordemdazoeira.com.br\/wp-content\/uploads\/2021\/04\/ODZ-NEWS-LOGO.jpg","width":1920,"height":1080},{"@type":"BreadcrumbList","@id":"https:\/\/ordemdazoeira.com.br\/index.php\/2022\/04\/18\/odz-news-52\/#breadcrumb","itemListElement":[{"@type":"ListItem","position":1,"name":"Home","item":"https:\/\/ordemdazoeira.com.br\/"},{"@type":"ListItem","position":2,"name":"ODZ News"}]},{"@type":"WebSite","@id":"https:\/\/ordemdazoeira.com.br\/#website","url":"https:\/\/ordemdazoeira.com.br\/","name":"ODZ","description":"","potentialAction":[{"@type":"SearchAction","target":{"@type":"EntryPoint","urlTemplate":"https:\/\/ordemdazoeira.com.br\/?s={search_term_string}"},"query-input":{"@type":"PropertyValueSpecification","valueRequired":true,"valueName":"search_term_string"}}],"inLanguage":"en-US"},{"@type":"Person","@id":"https:\/\/ordemdazoeira.com.br\/#\/schema\/person\/2307badcd996505366bf8ae557805ffc","name":"Eric Mac Fadden","image":{"@type":"ImageObject","inLanguage":"en-US","@id":"https:\/\/ordemdazoeira.com.br\/#\/schema\/person\/image\/","url":"https:\/\/secure.gravatar.com\/avatar\/7cd8f4b0b9c141fb501b64e6824599d38d5b0fcccb8c1bbc2fa728576057f990?s=96&d=mm&r=g","contentUrl":"https:\/\/secure.gravatar.com\/avatar\/7cd8f4b0b9c141fb501b64e6824599d38d5b0fcccb8c1bbc2fa728576057f990?s=96&d=mm&r=g","caption":"Eric Mac Fadden"},"url":"https:\/\/ordemdazoeira.com.br\/index.php\/author\/eric-mac-fadden\/"}]}},"_links":{"self":[{"href":"https:\/\/ordemdazoeira.com.br\/index.php\/wp-json\/wp\/v2\/posts\/2153","targetHints":{"allow":["GET"]}}],"collection":[{"href":"https:\/\/ordemdazoeira.com.br\/index.php\/wp-json\/wp\/v2\/posts"}],"about":[{"href":"https:\/\/ordemdazoeira.com.br\/index.php\/wp-json\/wp\/v2\/types\/post"}],"author":[{"embeddable":true,"href":"https:\/\/ordemdazoeira.com.br\/index.php\/wp-json\/wp\/v2\/users\/3"}],"replies":[{"embeddable":true,"href":"https:\/\/ordemdazoeira.com.br\/index.php\/wp-json\/wp\/v2\/comments?post=2153"}],"version-history":[{"count":1,"href":"https:\/\/ordemdazoeira.com.br\/index.php\/wp-json\/wp\/v2\/posts\/2153\/revisions"}],"predecessor-version":[{"id":2156,"href":"https:\/\/ordemdazoeira.com.br\/index.php\/wp-json\/wp\/v2\/posts\/2153\/revisions\/2156"}],"wp:featuredmedia":[{"embeddable":true,"href":"https:\/\/ordemdazoeira.com.br\/index.php\/wp-json\/wp\/v2\/media\/444"}],"wp:attachment":[{"href":"https:\/\/ordemdazoeira.com.br\/index.php\/wp-json\/wp\/v2\/media?parent=2153"}],"wp:term":[{"taxonomy":"category","embeddable":true,"href":"https:\/\/ordemdazoeira.com.br\/index.php\/wp-json\/wp\/v2\/categories?post=2153"},{"taxonomy":"post_tag","embeddable":true,"href":"https:\/\/ordemdazoeira.com.br\/index.php\/wp-json\/wp\/v2\/tags?post=2153"}],"curies":[{"name":"wp","href":"https:\/\/api.w.org\/{rel}","templated":true}]}}