{"id":2334,"date":"2022-06-02T07:53:54","date_gmt":"2022-06-02T10:53:54","guid":{"rendered":"http:\/\/ordemdazoeira.com.br\/?p=2334"},"modified":"2022-06-02T07:55:05","modified_gmt":"2022-06-02T10:55:05","slug":"menine-na-bolha","status":"publish","type":"post","link":"https:\/\/ordemdazoeira.com.br\/index.php\/2022\/06\/02\/menine-na-bolha\/","title":{"rendered":"Menine na bolha"},"content":{"rendered":"\n<p style=\"font-size:18px\">Com o passar do tempo diz-se que <strong>a democracia \u00e9 a base da civiliza\u00e7\u00e3o ocidental<\/strong>, onde todos t\u00eam voz e poderes iguais. Claro que 51% caracterizando a <em>maioria<\/em> \u00e9 super justo pra <em>minoria<\/em> de 49%, democracia \u00e9 isso. Normalmente as pessoas se apoiam no conceito para provar um ponto irredut\u00edvel e justificar sua vis\u00e3o no &#8220;<em>voto da maioria<\/em>&#8220;. Mas e a minoria, como fica?<\/p>\n\n\n\n<p style=\"font-size:18px\">&#8220;<em>A minoria a gente protege<\/em>&#8220;, disse a maioria. Numa situa\u00e7\u00e3o real, a maioria pode ser de verdade uns 30% e todos que s\u00e3o menos do que esses 30% considerar-se-\u00e3o minoria, podem ser v\u00e1rios grupos de 10%, ainda ser\u00e3o &#8220;<em>perdedores<\/em>&#8221; e teriam de se submeter \u00e0 maioria. Por\u00e9m <strong>as rela\u00e7\u00f5es humanas s\u00e3o complexas demais<\/strong> e eis que toda essa mistura faz com que a sociedade seja a que conhecemos, diversa com in\u00fameros pontos de vista.<\/p>\n\n\n\n<p style=\"font-size:18px\">Mas a\u00ed pode morar o preconceito. As pessoas <strong>tendem \u00e0 simplifica\u00e7\u00e3o de conceitos para se provarem<\/strong>, ignorando outros pontos de vista &#8211; <em>pois cada um \u00e9 cada um, assim como vinte \u00e9 vinte<\/em> &#8211; portanto a maioria define o que \u00e9 normal. Nessa toada, criam-se conceitos de &#8220;<em>anormalidades<\/em>&#8221; quanto \u00e0s minorias de opini\u00e3o ou atitude que n\u00e3o andam junto da &#8220;<em>grande massa<\/em>&#8220;, e se esse conceito come\u00e7a a prejudicar os outros, <strong>\u00e9 considerado preconceito<\/strong>.<\/p>\n\n\n\n<p style=\"font-size:18px\">J\u00e1 digo antes que algu\u00e9m me Monarkize, <strong>desde que sua atitude n\u00e3o cruze meu caminho e atrapalhe minha vida t\u00e1 ok, n\u00e3o farei o mesmo<\/strong>, pode ser homossexual, torcedor do Cur\u00edntcha ou do S\u00e3o Paulo (<em>que remete \u00e0 primeira op\u00e7\u00e3o<\/em>), professor de filosofia, suporte de TI, sindicalista, rabino, pr\u00edncipe da Nig\u00e9ria ou at\u00e9 Furry (<em>t\u00e1, nesse caso n\u00e3o<\/em>) que n\u00e3o dou a m\u00ednima, <strong>vou zombar como qualquer s\u00edmio b\u00edpede que fala e tem CPF<\/strong>.<\/p>\n\n\n\n<div class=\"wp-block-image\"><figure class=\"aligncenter size-large is-resized\"><img decoding=\"async\" src=\"http:\/\/ordemdazoeira.com.br\/wp-content\/uploads\/2022\/06\/photo_2022-06-02_06-36-34.jpg\" alt=\"\" class=\"wp-image-2338\" width=\"1200\" srcset=\"https:\/\/ordemdazoeira.com.br\/wp-content\/uploads\/2022\/06\/photo_2022-06-02_06-36-34.jpg 750w, https:\/\/ordemdazoeira.com.br\/wp-content\/uploads\/2022\/06\/photo_2022-06-02_06-36-34-247x300.jpg 247w\" sizes=\"(max-width: 750px) 100vw, 750px\" \/><figcaption><em>N\u00e3o fui eu que falei! N\u00e3o me culpem!<\/em><\/figcaption><\/figure><\/div>\n\n\n\n<p style=\"font-size:18px\">Com o passar do tempo, adquirimos a habilidade de suprimir preconceitos <strong>protegendo os que a sociedade considerava como &#8220;<em>fracos<\/em>&#8220;<\/strong>. A\u00ed que inicia-se a bola de merda.<\/p>\n\n\n\n<p style=\"font-size:18px\">A partir dos anos 2000 podemos perceber a prote\u00e7\u00e3o destes come\u00e7ou a ficar estranha, como se lhes desses um superpoder. N\u00e3o estou aqui dizendo que ser diferente \u00e9 errado, <strong>mas glorificar algo que muitas vezes as pr\u00f3prias pessoas consideram como fraqueza \u00e9 onde mora o problema<\/strong>. Criaram-se bolhas para proteger isso.<\/p>\n\n\n\n<p style=\"font-size:18px\">Vejamos <strong>o caso dos Emos<\/strong>. Uma modinha boba e extremamente passageira como comprovado pelo tempo, mas a\u00ed morava algo estranho: <strong>a extrema sensibiliza\u00e7\u00e3o de uma gera\u00e7\u00e3o levava \u00e0 atitudes fr\u00e1geis, como n\u00e3o suportar ser criticado ou por n\u00e3o querer levantar um dedo pra se sentir melhor. A\u00ed a bolha se mostrava evidente<\/strong>, pois em meio dessa molecada fresca, obviamente haviam homossexuais que se escondiam antes e agora parecia ser um sinal verde para eles &#8211; <em>o que n\u00e3o vejo nada de errado, \u00e9 melhor assim do que viver enrustido do que tristonho escutando My Chemical Romance<\/em> &#8211; mas as linhas se borraram e as &#8220;<em>demonstra\u00e7\u00f5es de carinho<\/em>&#8221; entre os fr\u00e1geis emos acabou se tornando regra <strong>e virou uma suruba adolescente<\/strong>.<\/p>\n\n\n\n<h2 class=\"wp-block-heading\">Teoria da cons&#8230; pira\u00e7\u00e3o?<\/h2>\n\n\n\n<p style=\"font-size:18px\">Durante toda essa \u00e9poca muita gente sa\u00eda do arm\u00e1rio, por\u00e9m com uma grande diferen\u00e7a quanto \u00e0 um Cazuza, Freddie Mercury ou Rob Halford: <strong>eles se baseavam na fragilidade<\/strong>. Toda luta e dificuldade que os supracitados tiveram para se mostrarem \u00e0 sociedade e serem respeitados foi por \u00e1gua abaixo. <strong>O capitalismo espertalh\u00e3o come\u00e7ou a perceber isso<\/strong> e foi correndo escrever seu plano maligno num guardanapo, maquinando fugazmente <strong>uma estrat\u00e9gia de monetizar essa gera\u00e7\u00e3o fraca<\/strong>.<\/p>\n\n\n\n<div class=\"wp-block-image\"><figure class=\"aligncenter size-large\"><img loading=\"lazy\" decoding=\"async\" width=\"960\" height=\"936\" src=\"http:\/\/ordemdazoeira.com.br\/wp-content\/uploads\/2022\/06\/721cc168bb4eef95405d452b0ff2bddc.png\" alt=\"\" class=\"wp-image-2336\" srcset=\"https:\/\/ordemdazoeira.com.br\/wp-content\/uploads\/2022\/06\/721cc168bb4eef95405d452b0ff2bddc.png 960w, https:\/\/ordemdazoeira.com.br\/wp-content\/uploads\/2022\/06\/721cc168bb4eef95405d452b0ff2bddc-300x293.png 300w, https:\/\/ordemdazoeira.com.br\/wp-content\/uploads\/2022\/06\/721cc168bb4eef95405d452b0ff2bddc-768x749.png 768w, https:\/\/ordemdazoeira.com.br\/wp-content\/uploads\/2022\/06\/721cc168bb4eef95405d452b0ff2bddc-936x913.png 936w\" sizes=\"auto, (max-width: 960px) 100vw, 960px\" \/><figcaption><em>Escolha uma ou invente outras, temos bastante espa\u00e7o e NFTs<\/em><\/figcaption><\/figure><\/div>\n\n\n\n<p style=\"font-size:18px\">Surgiu ent\u00e3o do dia pra noite toda uma ind\u00fastria baseada na explora\u00e7\u00e3o dos &#8220;<em>indefesos homossexuais<\/em>&#8221; que sa\u00edram do arm\u00e1rio nessa \u00e9poca, com direito \u00e0 planos de sa\u00fade exclusivos, psiquiatria especializada e <a href=\"https:\/\/www.agazeta.com.br\/colunas\/gabriel-de-oliveira\/campanha-publicitaria-do-volkswagen-polo-acerta-em-cheio-0522\" target=\"_blank\" rel=\"noreferrer noopener\">toda uma sorte de pequenas a\u00e7\u00f5es de m\u00eddia que aos poucos se tornou no comercial do Polo<\/a>. \u00c9 algo que consideramos hoje em dia como <strong>lacra\u00e7\u00e3o<\/strong>.<\/p>\n\n\n\n<p style=\"font-size:18px\">Ent\u00e3o come\u00e7aram a padronizar essa gera\u00e7\u00e3o p\u00f3s-emos com <strong>uma chuva de conceitos e fragiliza\u00e7\u00e3o com bolhas para proteger as pobres criancinhas da crueldade do mundo<\/strong>, oferecendo desde linguagem neutra at\u00e9 mesmo op\u00e7\u00f5es para cirurgias e tratamento vital\u00edcio de mudan\u00e7a de g\u00eanero para os imberbes.<\/p>\n\n\n\n<p style=\"font-size:18px\">Mas divago&#8230; ou n\u00e3o?<\/p>\n\n\n\n<h2 class=\"wp-block-heading\">Opini\u00e3o contr\u00e1ria \u00e9 crime<\/h2>\n\n\n\n<p style=\"font-size:18px\">Algo que aprendemos com o pessoalzinho cegueta de esquerda e da lacrol\u00e2ndia, \u00e9 que se n\u00e3o \u00e9 \u00e0 favor \u00e9 contra, n\u00e3o importa se estejam errados e forem comprovadamente justificados. <strong>Ter opini\u00f5es contr\u00e1rias \u00e9 bom, pois gera discuss\u00e3o sobre temas importantes<\/strong> &#8211; <em>n\u00e3o no \u00e2mbito esportivo, pois \u00e9 algo completamente irracional<\/em> &#8211; e demonstra pontos de vista que possam levar \u00e0 solu\u00e7\u00e3o de problemas, um &#8220;<em>mal necess\u00e1rio<\/em>&#8221; para os que se op\u00f5em.<\/p>\n\n\n\n<p style=\"font-size:18px\">Mas em muitas situa\u00e7\u00f5es \u00e9 apenas <strong>subterf\u00fagio para se ter preconceito, como fazem muitos dos que se taxam conservadores<\/strong> &#8211; <em>que s\u00e3o apenas gente com medo de mudan\u00e7a<\/em> &#8211; por\u00e9m \u00e0s vezes com fundamento pode-se defender um ponto que se pare\u00e7a preconceito, <strong>mas mesmo assim ir\u00e3o censurar o que considerarem contra<\/strong> &#8211; <em>da mesma maneira que &#8220;fizemos&#8221; antes<\/em> &#8211; e continuar\u00e3o levantando bandeiras para causas que nem s\u00e3o realmente \u00e0 favor, uma bela lavagem cerebral.<\/p>\n\n\n\n<p style=\"font-size:18px\">Na Amazon a venda de livros sobre temas &#8220;<em>anti-trans<\/em>&#8221; por exemplo s\u00e3o um tabu. E agora os pr\u00f3prios funcion\u00e1rios que &#8220;<em>apoiam<\/em>&#8221; a &#8220;<em>causa trans<\/em>&#8221; &#8211; <em>n\u00e3o consigo levar \u00e0 s\u00e9rio, desculpem os que levam<\/em> &#8211; iniciaram uma cruzada (<em>ir\u00f4nico, n\u00e3o?<\/em>) para <em>queimarem livros<\/em> que consideram nocivos \u00e0 &#8220;<em>comunidade trans<\/em>&#8220;, como os <em><strong>Irreversible Damage: The Transgender Craze Seducing Our Daughters<\/strong> <\/em>por Abigail Shrier e <em><strong>Johnny the Walrus<\/strong><\/em> pelo comentarista pol\u00edtico conservador Matt Walsh.<\/p>\n\n\n\n<p style=\"font-size:18px\">N\u00e3o li nenhum deles e acredito que <strong>alguns devam conter bobagens abomin\u00e1veis<\/strong> principalmente se misturarem religi\u00e3o com as opini\u00f5es. Mas mesmo assim \u00e9 censura. E isso n\u00e3o \u00e9 a t\u00e3o sonhada e requisitada igualidade que tanto os defensores dos oprimidos tanto demandam.<\/p>\n\n\n\n<p style=\"font-size:18px\">Mas <strong>a liberdade de express\u00e3o hoje em dia est\u00e1 condenada por essa ind\u00fastria doida que surgiu nos \u00faltimos 20 anos<\/strong>, fazendo com que o bom senso tenha se esva\u00eddo da humanidade e criando apenas uma gigante massa homog\u00eanea, rosa, <strong>que ruma ao desfiladeiro da grande queda da civiliza\u00e7\u00e3o ocidental<\/strong>, enquanto algumas <a href=\"https:\/\/ichef.bbci.co.uk\/news\/640\/cpsprodpb\/E3BC\/production\/_121300385_70fa63ed-9f55-4081-8489-e1f18bbc6acb.jpg\" target=\"_blank\" rel=\"noreferrer noopener\">outras civiliza\u00e7\u00f5es continuam prosperando sem se importar um pingo com o assunto<\/a>. <strong>Uma hora, a bolha estoura<\/strong>.<\/p>\n\n\n\n<p style=\"font-size:18px\">Mas \u00e9 apenas minha opini\u00e3o. Sejam livres para discutir, sempre.<\/p>\n\n\n\n<p><em>Fonte: <strong><a href=\"https:\/\/www.engadget.com\/amazon-employees-protest-amazon-stop-selling-books-anti-trans-064339541.html?src=rss\" target=\"_blank\" rel=\"noreferrer noopener\">Engadget<\/a><\/strong><\/em><\/p>\n","protected":false},"excerpt":{"rendered":"<p>Com o passar do tempo diz-se que a democracia \u00e9 a base da civiliza\u00e7\u00e3o ocidental, onde todos t\u00eam voz e&#8230;<\/p>\n","protected":false},"author":3,"featured_media":2335,"comment_status":"open","ping_status":"open","sticky":false,"template":"","format":"standard","meta":{"_monsterinsights_skip_tracking":false,"_monsterinsights_sitenote_active":false,"_monsterinsights_sitenote_note":"","_monsterinsights_sitenote_category":0,"footnotes":""},"categories":[52],"tags":[200,420,421],"class_list":["post-2334","post","type-post","status-publish","format-standard","has-post-thumbnail","hentry","category-odz-opiniao","tag-amazon","tag-o-fim-da-civilizacao","tag-tldr","wpcat-52-id"],"yoast_head":"<!-- This site is optimized with the Yoast SEO plugin v24.2 - https:\/\/yoast.com\/wordpress\/plugins\/seo\/ -->\n<title>Menine na bolha - ODZ<\/title>\n<meta name=\"robots\" content=\"index, follow, max-snippet:-1, max-image-preview:large, max-video-preview:-1\" \/>\n<link rel=\"canonical\" href=\"https:\/\/ordemdazoeira.com.br\/index.php\/2022\/06\/02\/menine-na-bolha\/\" \/>\n<meta property=\"og:locale\" content=\"en_US\" \/>\n<meta property=\"og:type\" content=\"article\" \/>\n<meta property=\"og:title\" content=\"Menine na bolha - ODZ\" \/>\n<meta property=\"og:description\" content=\"Com o passar do tempo diz-se que a democracia \u00e9 a base da civiliza\u00e7\u00e3o ocidental, onde todos t\u00eam voz e...\" \/>\n<meta property=\"og:url\" content=\"https:\/\/ordemdazoeira.com.br\/index.php\/2022\/06\/02\/menine-na-bolha\/\" \/>\n<meta property=\"og:site_name\" content=\"ODZ\" \/>\n<meta property=\"article:published_time\" content=\"2022-06-02T10:53:54+00:00\" \/>\n<meta property=\"article:modified_time\" content=\"2022-06-02T10:55:05+00:00\" \/>\n<meta property=\"og:image\" content=\"https:\/\/ordemdazoeira.com.br\/wp-content\/uploads\/2022\/06\/maxresdefault.jpg\" \/>\n\t<meta property=\"og:image:width\" content=\"1280\" \/>\n\t<meta property=\"og:image:height\" content=\"720\" \/>\n\t<meta property=\"og:image:type\" content=\"image\/jpeg\" \/>\n<meta name=\"author\" content=\"Eric Mac Fadden\" \/>\n<meta name=\"twitter:card\" content=\"summary_large_image\" \/>\n<meta name=\"twitter:label1\" content=\"Written by\" \/>\n\t<meta name=\"twitter:data1\" content=\"Eric Mac Fadden\" \/>\n\t<meta name=\"twitter:label2\" content=\"Est. reading time\" \/>\n\t<meta name=\"twitter:data2\" content=\"5 minutes\" \/>\n<script type=\"application\/ld+json\" class=\"yoast-schema-graph\">{\"@context\":\"https:\/\/schema.org\",\"@graph\":[{\"@type\":\"WebPage\",\"@id\":\"https:\/\/ordemdazoeira.com.br\/index.php\/2022\/06\/02\/menine-na-bolha\/\",\"url\":\"https:\/\/ordemdazoeira.com.br\/index.php\/2022\/06\/02\/menine-na-bolha\/\",\"name\":\"Menine na bolha - ODZ\",\"isPartOf\":{\"@id\":\"https:\/\/ordemdazoeira.com.br\/#website\"},\"primaryImageOfPage\":{\"@id\":\"https:\/\/ordemdazoeira.com.br\/index.php\/2022\/06\/02\/menine-na-bolha\/#primaryimage\"},\"image\":{\"@id\":\"https:\/\/ordemdazoeira.com.br\/index.php\/2022\/06\/02\/menine-na-bolha\/#primaryimage\"},\"thumbnailUrl\":\"https:\/\/ordemdazoeira.com.br\/wp-content\/uploads\/2022\/06\/maxresdefault.jpg\",\"datePublished\":\"2022-06-02T10:53:54+00:00\",\"dateModified\":\"2022-06-02T10:55:05+00:00\",\"author\":{\"@id\":\"https:\/\/ordemdazoeira.com.br\/#\/schema\/person\/2307badcd996505366bf8ae557805ffc\"},\"breadcrumb\":{\"@id\":\"https:\/\/ordemdazoeira.com.br\/index.php\/2022\/06\/02\/menine-na-bolha\/#breadcrumb\"},\"inLanguage\":\"en-US\",\"potentialAction\":[{\"@type\":\"ReadAction\",\"target\":[\"https:\/\/ordemdazoeira.com.br\/index.php\/2022\/06\/02\/menine-na-bolha\/\"]}]},{\"@type\":\"ImageObject\",\"inLanguage\":\"en-US\",\"@id\":\"https:\/\/ordemdazoeira.com.br\/index.php\/2022\/06\/02\/menine-na-bolha\/#primaryimage\",\"url\":\"https:\/\/ordemdazoeira.com.br\/wp-content\/uploads\/2022\/06\/maxresdefault.jpg\",\"contentUrl\":\"https:\/\/ordemdazoeira.com.br\/wp-content\/uploads\/2022\/06\/maxresdefault.jpg\",\"width\":1280,\"height\":720},{\"@type\":\"BreadcrumbList\",\"@id\":\"https:\/\/ordemdazoeira.com.br\/index.php\/2022\/06\/02\/menine-na-bolha\/#breadcrumb\",\"itemListElement\":[{\"@type\":\"ListItem\",\"position\":1,\"name\":\"Home\",\"item\":\"https:\/\/ordemdazoeira.com.br\/\"},{\"@type\":\"ListItem\",\"position\":2,\"name\":\"Menine na bolha\"}]},{\"@type\":\"WebSite\",\"@id\":\"https:\/\/ordemdazoeira.com.br\/#website\",\"url\":\"https:\/\/ordemdazoeira.com.br\/\",\"name\":\"ODZ\",\"description\":\"\",\"potentialAction\":[{\"@type\":\"SearchAction\",\"target\":{\"@type\":\"EntryPoint\",\"urlTemplate\":\"https:\/\/ordemdazoeira.com.br\/?s={search_term_string}\"},\"query-input\":{\"@type\":\"PropertyValueSpecification\",\"valueRequired\":true,\"valueName\":\"search_term_string\"}}],\"inLanguage\":\"en-US\"},{\"@type\":\"Person\",\"@id\":\"https:\/\/ordemdazoeira.com.br\/#\/schema\/person\/2307badcd996505366bf8ae557805ffc\",\"name\":\"Eric Mac Fadden\",\"image\":{\"@type\":\"ImageObject\",\"inLanguage\":\"en-US\",\"@id\":\"https:\/\/ordemdazoeira.com.br\/#\/schema\/person\/image\/\",\"url\":\"https:\/\/secure.gravatar.com\/avatar\/7cd8f4b0b9c141fb501b64e6824599d38d5b0fcccb8c1bbc2fa728576057f990?s=96&d=mm&r=g\",\"contentUrl\":\"https:\/\/secure.gravatar.com\/avatar\/7cd8f4b0b9c141fb501b64e6824599d38d5b0fcccb8c1bbc2fa728576057f990?s=96&d=mm&r=g\",\"caption\":\"Eric Mac Fadden\"},\"url\":\"https:\/\/ordemdazoeira.com.br\/index.php\/author\/eric-mac-fadden\/\"}]}<\/script>\n<!-- \/ Yoast SEO plugin. -->","yoast_head_json":{"title":"Menine na bolha - ODZ","robots":{"index":"index","follow":"follow","max-snippet":"max-snippet:-1","max-image-preview":"max-image-preview:large","max-video-preview":"max-video-preview:-1"},"canonical":"https:\/\/ordemdazoeira.com.br\/index.php\/2022\/06\/02\/menine-na-bolha\/","og_locale":"en_US","og_type":"article","og_title":"Menine na bolha - ODZ","og_description":"Com o passar do tempo diz-se que a democracia \u00e9 a base da civiliza\u00e7\u00e3o ocidental, onde todos t\u00eam voz e...","og_url":"https:\/\/ordemdazoeira.com.br\/index.php\/2022\/06\/02\/menine-na-bolha\/","og_site_name":"ODZ","article_published_time":"2022-06-02T10:53:54+00:00","article_modified_time":"2022-06-02T10:55:05+00:00","og_image":[{"width":1280,"height":720,"url":"https:\/\/ordemdazoeira.com.br\/wp-content\/uploads\/2022\/06\/maxresdefault.jpg","type":"image\/jpeg"}],"author":"Eric Mac Fadden","twitter_card":"summary_large_image","twitter_misc":{"Written by":"Eric Mac Fadden","Est. reading time":"5 minutes"},"schema":{"@context":"https:\/\/schema.org","@graph":[{"@type":"WebPage","@id":"https:\/\/ordemdazoeira.com.br\/index.php\/2022\/06\/02\/menine-na-bolha\/","url":"https:\/\/ordemdazoeira.com.br\/index.php\/2022\/06\/02\/menine-na-bolha\/","name":"Menine na bolha - ODZ","isPartOf":{"@id":"https:\/\/ordemdazoeira.com.br\/#website"},"primaryImageOfPage":{"@id":"https:\/\/ordemdazoeira.com.br\/index.php\/2022\/06\/02\/menine-na-bolha\/#primaryimage"},"image":{"@id":"https:\/\/ordemdazoeira.com.br\/index.php\/2022\/06\/02\/menine-na-bolha\/#primaryimage"},"thumbnailUrl":"https:\/\/ordemdazoeira.com.br\/wp-content\/uploads\/2022\/06\/maxresdefault.jpg","datePublished":"2022-06-02T10:53:54+00:00","dateModified":"2022-06-02T10:55:05+00:00","author":{"@id":"https:\/\/ordemdazoeira.com.br\/#\/schema\/person\/2307badcd996505366bf8ae557805ffc"},"breadcrumb":{"@id":"https:\/\/ordemdazoeira.com.br\/index.php\/2022\/06\/02\/menine-na-bolha\/#breadcrumb"},"inLanguage":"en-US","potentialAction":[{"@type":"ReadAction","target":["https:\/\/ordemdazoeira.com.br\/index.php\/2022\/06\/02\/menine-na-bolha\/"]}]},{"@type":"ImageObject","inLanguage":"en-US","@id":"https:\/\/ordemdazoeira.com.br\/index.php\/2022\/06\/02\/menine-na-bolha\/#primaryimage","url":"https:\/\/ordemdazoeira.com.br\/wp-content\/uploads\/2022\/06\/maxresdefault.jpg","contentUrl":"https:\/\/ordemdazoeira.com.br\/wp-content\/uploads\/2022\/06\/maxresdefault.jpg","width":1280,"height":720},{"@type":"BreadcrumbList","@id":"https:\/\/ordemdazoeira.com.br\/index.php\/2022\/06\/02\/menine-na-bolha\/#breadcrumb","itemListElement":[{"@type":"ListItem","position":1,"name":"Home","item":"https:\/\/ordemdazoeira.com.br\/"},{"@type":"ListItem","position":2,"name":"Menine na bolha"}]},{"@type":"WebSite","@id":"https:\/\/ordemdazoeira.com.br\/#website","url":"https:\/\/ordemdazoeira.com.br\/","name":"ODZ","description":"","potentialAction":[{"@type":"SearchAction","target":{"@type":"EntryPoint","urlTemplate":"https:\/\/ordemdazoeira.com.br\/?s={search_term_string}"},"query-input":{"@type":"PropertyValueSpecification","valueRequired":true,"valueName":"search_term_string"}}],"inLanguage":"en-US"},{"@type":"Person","@id":"https:\/\/ordemdazoeira.com.br\/#\/schema\/person\/2307badcd996505366bf8ae557805ffc","name":"Eric Mac Fadden","image":{"@type":"ImageObject","inLanguage":"en-US","@id":"https:\/\/ordemdazoeira.com.br\/#\/schema\/person\/image\/","url":"https:\/\/secure.gravatar.com\/avatar\/7cd8f4b0b9c141fb501b64e6824599d38d5b0fcccb8c1bbc2fa728576057f990?s=96&d=mm&r=g","contentUrl":"https:\/\/secure.gravatar.com\/avatar\/7cd8f4b0b9c141fb501b64e6824599d38d5b0fcccb8c1bbc2fa728576057f990?s=96&d=mm&r=g","caption":"Eric Mac Fadden"},"url":"https:\/\/ordemdazoeira.com.br\/index.php\/author\/eric-mac-fadden\/"}]}},"_links":{"self":[{"href":"https:\/\/ordemdazoeira.com.br\/index.php\/wp-json\/wp\/v2\/posts\/2334","targetHints":{"allow":["GET"]}}],"collection":[{"href":"https:\/\/ordemdazoeira.com.br\/index.php\/wp-json\/wp\/v2\/posts"}],"about":[{"href":"https:\/\/ordemdazoeira.com.br\/index.php\/wp-json\/wp\/v2\/types\/post"}],"author":[{"embeddable":true,"href":"https:\/\/ordemdazoeira.com.br\/index.php\/wp-json\/wp\/v2\/users\/3"}],"replies":[{"embeddable":true,"href":"https:\/\/ordemdazoeira.com.br\/index.php\/wp-json\/wp\/v2\/comments?post=2334"}],"version-history":[{"count":2,"href":"https:\/\/ordemdazoeira.com.br\/index.php\/wp-json\/wp\/v2\/posts\/2334\/revisions"}],"predecessor-version":[{"id":2339,"href":"https:\/\/ordemdazoeira.com.br\/index.php\/wp-json\/wp\/v2\/posts\/2334\/revisions\/2339"}],"wp:featuredmedia":[{"embeddable":true,"href":"https:\/\/ordemdazoeira.com.br\/index.php\/wp-json\/wp\/v2\/media\/2335"}],"wp:attachment":[{"href":"https:\/\/ordemdazoeira.com.br\/index.php\/wp-json\/wp\/v2\/media?parent=2334"}],"wp:term":[{"taxonomy":"category","embeddable":true,"href":"https:\/\/ordemdazoeira.com.br\/index.php\/wp-json\/wp\/v2\/categories?post=2334"},{"taxonomy":"post_tag","embeddable":true,"href":"https:\/\/ordemdazoeira.com.br\/index.php\/wp-json\/wp\/v2\/tags?post=2334"}],"curies":[{"name":"wp","href":"https:\/\/api.w.org\/{rel}","templated":true}]}}