{"id":2566,"date":"2022-08-03T07:23:48","date_gmt":"2022-08-03T10:23:48","guid":{"rendered":"http:\/\/ordemdazoeira.com.br\/?p=2566"},"modified":"2022-08-03T07:23:48","modified_gmt":"2022-08-03T10:23:48","slug":"repara-so","status":"publish","type":"post","link":"https:\/\/ordemdazoeira.com.br\/index.php\/2022\/08\/03\/repara-so\/","title":{"rendered":"Repara s\u00f3"},"content":{"rendered":"\n<p style=\"font-size:18px\">J\u00e1 h\u00e1 um tempo o <strong>direito de reparo<\/strong> tem sido exigido por consumidores, principalmente quando se trata de seus preciosos eletr\u00f4nicos. E h\u00e1 um tempo as empresas lutam contra isso, como no caso de m\u00e1quinas agr\u00edcolas, e <a href=\"https:\/\/www.vice.com\/en\/article\/v7m8mx\/john-deere-promised-farmers-it-would-make-tractors-easy-to-repair-it-lied\" target=\"_blank\" rel=\"noreferrer noopener\">&#8220;<em>perderam a batalha<\/em>&#8221; ferrando o consumidor<\/a>, claro. A Apple tamb\u00e9m n\u00e3o fica atr\u00e1s com toda sua &#8220;<em>bondade<\/em>&#8221; e tamb\u00e9m lan\u00e7a seu programa de reparo, s\u00f3 que quem for consertar algo <a href=\"https:\/\/www.ifixit.com\/laptop-repairability\" target=\"_blank\" rel=\"noreferrer noopener\">recebe um &#8220;<em>te fode a\u00ed<\/em>&#8221; pela dificuldade de descolar 5 mil partes<\/a> at\u00e9 descobrir que tem de trocar quase o dispositivo inteiro, Fora as ferramentas.<\/p>\n\n\n\n<figure class=\"wp-block-embed aligncenter is-type-video is-provider-youtube wp-block-embed-youtube wp-embed-aspect-16-9 wp-has-aspect-ratio\"><div class=\"wp-block-embed__wrapper\">\n<iframe loading=\"lazy\" title=\"Apple Self Service Repair: Is this the end of iFixit?!\" width=\"500\" height=\"281\" src=\"https:\/\/www.youtube.com\/embed\/pW1ZeStpqyw?feature=oembed\" frameborder=\"0\" allow=\"accelerometer; autoplay; clipboard-write; encrypted-media; gyroscope; picture-in-picture; web-share\" referrerpolicy=\"strict-origin-when-cross-origin\" allowfullscreen><\/iframe>\n<\/div><\/figure>\n\n\n\n<h2 class=\"wp-block-heading\">Paladinos do reparo<\/h2>\n\n\n\n<p style=\"font-size:18px\">N\u00e3o temam jovens donzelas, <strong>o cavaleiro de armadura prateada do reparo finalmente surge para resgatar seu smartphone com a tela trincada<\/strong> ap\u00f3s uma noite de pervers\u00e3o e \u00e1lcool no <a href=\"https:\/\/goo.gl\/maps\/nDF7AaZjGn8KJ6bdA\" target=\"_blank\" rel=\"noreferrer noopener\">Po\u00e7\u00e3o do Ja\u00fa em Corguinho\/MS<\/a> numa ter\u00e7a-feira, ter ca\u00eddo por tentar se apoiar no DelRey do seu Alaor: <strong>a Samsung finalmente lan\u00e7a seu programa de reparo<\/strong>.<\/p>\n\n\n\n<p style=\"font-size:18px\">Pra variar <a href=\"https:\/\/www.ifixit.com\/collaborations\/samsung\" target=\"_blank\" rel=\"noreferrer noopener\">o iFixit est\u00e1 envolvido e tamb\u00e9m ir\u00e1 vender as pe\u00e7as para o reparo<\/a>, al\u00e9m dos tradicionais manuais e ferramentas. Pensa numa empresa que vai lucrar horrores.<\/p>\n\n\n\n<p style=\"font-size:18px\">Mas nem tudo s\u00e3o flores, pois se <a href=\"https:\/\/www.techradar.com\/news\/your-steam-deck-will-be-easier-to-repair-thanks-to-this-ifixit-partnership\" target=\"_blank\" rel=\"noreferrer noopener\">pra consertar ou modificar um Steam Deck \u00e9 bem f\u00e1cil e dispon\u00edvel por l\u00e1<\/a>, <strong>a disponibilidade de pe\u00e7as pra modelos da Samsung \u00e9 quase p\u00edfia<\/strong> &#8211; <em>se levar em considera\u00e7\u00e3o o Mundo Civilizado\u2122 que troca de aparelhos com mais freq\u00fc\u00eancia<\/em> &#8211; e n\u00e3o oferece solu\u00e7\u00f5es por enquanto para os modelos mais vendidos por aqui.<\/p>\n\n\n\n<figure class=\"wp-block-image size-large is-resized\"><img decoding=\"async\" src=\"http:\/\/ordemdazoeira.com.br\/wp-content\/uploads\/2022\/08\/image.png\" alt=\"\" class=\"wp-image-2567\" width=\"1200\" srcset=\"https:\/\/ordemdazoeira.com.br\/wp-content\/uploads\/2022\/08\/image.png 950w, https:\/\/ordemdazoeira.com.br\/wp-content\/uploads\/2022\/08\/image-300x287.png 300w, https:\/\/ordemdazoeira.com.br\/wp-content\/uploads\/2022\/08\/image-768x736.png 768w, https:\/\/ordemdazoeira.com.br\/wp-content\/uploads\/2022\/08\/image-936x897.png 936w\" sizes=\"(max-width: 950px) 100vw, 950px\" \/><figcaption><em>Viu seu Galaxy SII na lista? N\u00e3o n\u00e9&#8230;<\/em><\/figcaption><\/figure>\n\n\n\n<p style=\"font-size:18px\">O <strong>Galaxy Tab S7+ que \u00e9 mais visto por aqui<\/strong> mostra <a href=\"https:\/\/www.ifixit.com\/Parts\/Samsung_Galaxy_Tab_S7_Plus\" target=\"_blank\" rel=\"noreferrer noopener\">o qu\u00e3o limitada disponibilidade de pe\u00e7as ainda \u00e9,<\/a> mas nada que o tempo n\u00e3o conserte, afinal as empresas agora est\u00e3o boazinhas e n\u00e3o desejam que seus clientes tenham de comprar novos dispositivos todo ano, n\u00e3o \u00e9? Hein???<\/p>\n\n\n\n<p><em>Fonte: <strong><a href=\"https:\/\/www.techradar.com\/news\/samsungs-self-repair-program-has-finally-launched-but-there-are-limits\" target=\"_blank\" rel=\"noreferrer noopener\">TechRadar<\/a><\/strong><\/em><\/p>\n","protected":false},"excerpt":{"rendered":"<p>J\u00e1 h\u00e1 um tempo o direito de reparo tem sido exigido por consumidores, principalmente quando se trata de seus preciosos&#8230;<\/p>\n","protected":false},"author":3,"featured_media":2568,"comment_status":"open","ping_status":"open","sticky":false,"template":"","format":"standard","meta":{"_monsterinsights_skip_tracking":false,"_monsterinsights_sitenote_active":false,"_monsterinsights_sitenote_note":"","_monsterinsights_sitenote_category":0,"footnotes":""},"categories":[12],"tags":[58,131],"class_list":["post-2566","post","type-post","status-publish","format-standard","has-post-thumbnail","hentry","category-odz-tech","tag-direito-de-reparo","tag-samsung","wpcat-12-id"],"yoast_head":"<!-- This site is optimized with the Yoast SEO plugin v24.2 - https:\/\/yoast.com\/wordpress\/plugins\/seo\/ -->\n<title>Repara s\u00f3 - ODZ<\/title>\n<meta name=\"robots\" content=\"index, follow, max-snippet:-1, max-image-preview:large, max-video-preview:-1\" \/>\n<link rel=\"canonical\" href=\"https:\/\/ordemdazoeira.com.br\/index.php\/2022\/08\/03\/repara-so\/\" \/>\n<meta property=\"og:locale\" content=\"en_US\" \/>\n<meta property=\"og:type\" content=\"article\" \/>\n<meta property=\"og:title\" content=\"Repara s\u00f3 - ODZ\" \/>\n<meta property=\"og:description\" content=\"J\u00e1 h\u00e1 um tempo o direito de reparo tem sido exigido por consumidores, principalmente quando se trata de seus preciosos...\" \/>\n<meta property=\"og:url\" content=\"https:\/\/ordemdazoeira.com.br\/index.php\/2022\/08\/03\/repara-so\/\" \/>\n<meta property=\"og:site_name\" content=\"ODZ\" \/>\n<meta property=\"article:published_time\" content=\"2022-08-03T10:23:48+00:00\" \/>\n<meta property=\"og:image\" content=\"https:\/\/ordemdazoeira.com.br\/wp-content\/uploads\/2022\/08\/bad-car-repair-2.jpg\" \/>\n\t<meta property=\"og:image:width\" content=\"1322\" \/>\n\t<meta property=\"og:image:height\" content=\"810\" \/>\n\t<meta property=\"og:image:type\" content=\"image\/jpeg\" \/>\n<meta name=\"author\" content=\"Eric Mac Fadden\" \/>\n<meta name=\"twitter:card\" content=\"summary_large_image\" \/>\n<meta name=\"twitter:label1\" content=\"Written by\" \/>\n\t<meta name=\"twitter:data1\" content=\"Eric Mac Fadden\" \/>\n\t<meta name=\"twitter:label2\" content=\"Est. reading time\" \/>\n\t<meta name=\"twitter:data2\" content=\"2 minutes\" \/>\n<script type=\"application\/ld+json\" class=\"yoast-schema-graph\">{\"@context\":\"https:\/\/schema.org\",\"@graph\":[{\"@type\":\"WebPage\",\"@id\":\"https:\/\/ordemdazoeira.com.br\/index.php\/2022\/08\/03\/repara-so\/\",\"url\":\"https:\/\/ordemdazoeira.com.br\/index.php\/2022\/08\/03\/repara-so\/\",\"name\":\"Repara s\u00f3 - ODZ\",\"isPartOf\":{\"@id\":\"https:\/\/ordemdazoeira.com.br\/#website\"},\"primaryImageOfPage\":{\"@id\":\"https:\/\/ordemdazoeira.com.br\/index.php\/2022\/08\/03\/repara-so\/#primaryimage\"},\"image\":{\"@id\":\"https:\/\/ordemdazoeira.com.br\/index.php\/2022\/08\/03\/repara-so\/#primaryimage\"},\"thumbnailUrl\":\"https:\/\/ordemdazoeira.com.br\/wp-content\/uploads\/2022\/08\/bad-car-repair-2.jpg\",\"datePublished\":\"2022-08-03T10:23:48+00:00\",\"dateModified\":\"2022-08-03T10:23:48+00:00\",\"author\":{\"@id\":\"https:\/\/ordemdazoeira.com.br\/#\/schema\/person\/2307badcd996505366bf8ae557805ffc\"},\"breadcrumb\":{\"@id\":\"https:\/\/ordemdazoeira.com.br\/index.php\/2022\/08\/03\/repara-so\/#breadcrumb\"},\"inLanguage\":\"en-US\",\"potentialAction\":[{\"@type\":\"ReadAction\",\"target\":[\"https:\/\/ordemdazoeira.com.br\/index.php\/2022\/08\/03\/repara-so\/\"]}]},{\"@type\":\"ImageObject\",\"inLanguage\":\"en-US\",\"@id\":\"https:\/\/ordemdazoeira.com.br\/index.php\/2022\/08\/03\/repara-so\/#primaryimage\",\"url\":\"https:\/\/ordemdazoeira.com.br\/wp-content\/uploads\/2022\/08\/bad-car-repair-2.jpg\",\"contentUrl\":\"https:\/\/ordemdazoeira.com.br\/wp-content\/uploads\/2022\/08\/bad-car-repair-2.jpg\",\"width\":1322,\"height\":810},{\"@type\":\"BreadcrumbList\",\"@id\":\"https:\/\/ordemdazoeira.com.br\/index.php\/2022\/08\/03\/repara-so\/#breadcrumb\",\"itemListElement\":[{\"@type\":\"ListItem\",\"position\":1,\"name\":\"Home\",\"item\":\"https:\/\/ordemdazoeira.com.br\/\"},{\"@type\":\"ListItem\",\"position\":2,\"name\":\"Repara s\u00f3\"}]},{\"@type\":\"WebSite\",\"@id\":\"https:\/\/ordemdazoeira.com.br\/#website\",\"url\":\"https:\/\/ordemdazoeira.com.br\/\",\"name\":\"ODZ\",\"description\":\"\",\"potentialAction\":[{\"@type\":\"SearchAction\",\"target\":{\"@type\":\"EntryPoint\",\"urlTemplate\":\"https:\/\/ordemdazoeira.com.br\/?s={search_term_string}\"},\"query-input\":{\"@type\":\"PropertyValueSpecification\",\"valueRequired\":true,\"valueName\":\"search_term_string\"}}],\"inLanguage\":\"en-US\"},{\"@type\":\"Person\",\"@id\":\"https:\/\/ordemdazoeira.com.br\/#\/schema\/person\/2307badcd996505366bf8ae557805ffc\",\"name\":\"Eric Mac Fadden\",\"image\":{\"@type\":\"ImageObject\",\"inLanguage\":\"en-US\",\"@id\":\"https:\/\/ordemdazoeira.com.br\/#\/schema\/person\/image\/\",\"url\":\"https:\/\/secure.gravatar.com\/avatar\/7cd8f4b0b9c141fb501b64e6824599d38d5b0fcccb8c1bbc2fa728576057f990?s=96&d=mm&r=g\",\"contentUrl\":\"https:\/\/secure.gravatar.com\/avatar\/7cd8f4b0b9c141fb501b64e6824599d38d5b0fcccb8c1bbc2fa728576057f990?s=96&d=mm&r=g\",\"caption\":\"Eric Mac Fadden\"},\"url\":\"https:\/\/ordemdazoeira.com.br\/index.php\/author\/eric-mac-fadden\/\"}]}<\/script>\n<!-- \/ Yoast SEO plugin. -->","yoast_head_json":{"title":"Repara s\u00f3 - ODZ","robots":{"index":"index","follow":"follow","max-snippet":"max-snippet:-1","max-image-preview":"max-image-preview:large","max-video-preview":"max-video-preview:-1"},"canonical":"https:\/\/ordemdazoeira.com.br\/index.php\/2022\/08\/03\/repara-so\/","og_locale":"en_US","og_type":"article","og_title":"Repara s\u00f3 - ODZ","og_description":"J\u00e1 h\u00e1 um tempo o direito de reparo tem sido exigido por consumidores, principalmente quando se trata de seus preciosos...","og_url":"https:\/\/ordemdazoeira.com.br\/index.php\/2022\/08\/03\/repara-so\/","og_site_name":"ODZ","article_published_time":"2022-08-03T10:23:48+00:00","og_image":[{"width":1322,"height":810,"url":"https:\/\/ordemdazoeira.com.br\/wp-content\/uploads\/2022\/08\/bad-car-repair-2.jpg","type":"image\/jpeg"}],"author":"Eric Mac Fadden","twitter_card":"summary_large_image","twitter_misc":{"Written by":"Eric Mac Fadden","Est. reading time":"2 minutes"},"schema":{"@context":"https:\/\/schema.org","@graph":[{"@type":"WebPage","@id":"https:\/\/ordemdazoeira.com.br\/index.php\/2022\/08\/03\/repara-so\/","url":"https:\/\/ordemdazoeira.com.br\/index.php\/2022\/08\/03\/repara-so\/","name":"Repara s\u00f3 - ODZ","isPartOf":{"@id":"https:\/\/ordemdazoeira.com.br\/#website"},"primaryImageOfPage":{"@id":"https:\/\/ordemdazoeira.com.br\/index.php\/2022\/08\/03\/repara-so\/#primaryimage"},"image":{"@id":"https:\/\/ordemdazoeira.com.br\/index.php\/2022\/08\/03\/repara-so\/#primaryimage"},"thumbnailUrl":"https:\/\/ordemdazoeira.com.br\/wp-content\/uploads\/2022\/08\/bad-car-repair-2.jpg","datePublished":"2022-08-03T10:23:48+00:00","dateModified":"2022-08-03T10:23:48+00:00","author":{"@id":"https:\/\/ordemdazoeira.com.br\/#\/schema\/person\/2307badcd996505366bf8ae557805ffc"},"breadcrumb":{"@id":"https:\/\/ordemdazoeira.com.br\/index.php\/2022\/08\/03\/repara-so\/#breadcrumb"},"inLanguage":"en-US","potentialAction":[{"@type":"ReadAction","target":["https:\/\/ordemdazoeira.com.br\/index.php\/2022\/08\/03\/repara-so\/"]}]},{"@type":"ImageObject","inLanguage":"en-US","@id":"https:\/\/ordemdazoeira.com.br\/index.php\/2022\/08\/03\/repara-so\/#primaryimage","url":"https:\/\/ordemdazoeira.com.br\/wp-content\/uploads\/2022\/08\/bad-car-repair-2.jpg","contentUrl":"https:\/\/ordemdazoeira.com.br\/wp-content\/uploads\/2022\/08\/bad-car-repair-2.jpg","width":1322,"height":810},{"@type":"BreadcrumbList","@id":"https:\/\/ordemdazoeira.com.br\/index.php\/2022\/08\/03\/repara-so\/#breadcrumb","itemListElement":[{"@type":"ListItem","position":1,"name":"Home","item":"https:\/\/ordemdazoeira.com.br\/"},{"@type":"ListItem","position":2,"name":"Repara s\u00f3"}]},{"@type":"WebSite","@id":"https:\/\/ordemdazoeira.com.br\/#website","url":"https:\/\/ordemdazoeira.com.br\/","name":"ODZ","description":"","potentialAction":[{"@type":"SearchAction","target":{"@type":"EntryPoint","urlTemplate":"https:\/\/ordemdazoeira.com.br\/?s={search_term_string}"},"query-input":{"@type":"PropertyValueSpecification","valueRequired":true,"valueName":"search_term_string"}}],"inLanguage":"en-US"},{"@type":"Person","@id":"https:\/\/ordemdazoeira.com.br\/#\/schema\/person\/2307badcd996505366bf8ae557805ffc","name":"Eric Mac Fadden","image":{"@type":"ImageObject","inLanguage":"en-US","@id":"https:\/\/ordemdazoeira.com.br\/#\/schema\/person\/image\/","url":"https:\/\/secure.gravatar.com\/avatar\/7cd8f4b0b9c141fb501b64e6824599d38d5b0fcccb8c1bbc2fa728576057f990?s=96&d=mm&r=g","contentUrl":"https:\/\/secure.gravatar.com\/avatar\/7cd8f4b0b9c141fb501b64e6824599d38d5b0fcccb8c1bbc2fa728576057f990?s=96&d=mm&r=g","caption":"Eric Mac Fadden"},"url":"https:\/\/ordemdazoeira.com.br\/index.php\/author\/eric-mac-fadden\/"}]}},"_links":{"self":[{"href":"https:\/\/ordemdazoeira.com.br\/index.php\/wp-json\/wp\/v2\/posts\/2566","targetHints":{"allow":["GET"]}}],"collection":[{"href":"https:\/\/ordemdazoeira.com.br\/index.php\/wp-json\/wp\/v2\/posts"}],"about":[{"href":"https:\/\/ordemdazoeira.com.br\/index.php\/wp-json\/wp\/v2\/types\/post"}],"author":[{"embeddable":true,"href":"https:\/\/ordemdazoeira.com.br\/index.php\/wp-json\/wp\/v2\/users\/3"}],"replies":[{"embeddable":true,"href":"https:\/\/ordemdazoeira.com.br\/index.php\/wp-json\/wp\/v2\/comments?post=2566"}],"version-history":[{"count":1,"href":"https:\/\/ordemdazoeira.com.br\/index.php\/wp-json\/wp\/v2\/posts\/2566\/revisions"}],"predecessor-version":[{"id":2569,"href":"https:\/\/ordemdazoeira.com.br\/index.php\/wp-json\/wp\/v2\/posts\/2566\/revisions\/2569"}],"wp:featuredmedia":[{"embeddable":true,"href":"https:\/\/ordemdazoeira.com.br\/index.php\/wp-json\/wp\/v2\/media\/2568"}],"wp:attachment":[{"href":"https:\/\/ordemdazoeira.com.br\/index.php\/wp-json\/wp\/v2\/media?parent=2566"}],"wp:term":[{"taxonomy":"category","embeddable":true,"href":"https:\/\/ordemdazoeira.com.br\/index.php\/wp-json\/wp\/v2\/categories?post=2566"},{"taxonomy":"post_tag","embeddable":true,"href":"https:\/\/ordemdazoeira.com.br\/index.php\/wp-json\/wp\/v2\/tags?post=2566"}],"curies":[{"name":"wp","href":"https:\/\/api.w.org\/{rel}","templated":true}]}}