{"id":272,"date":"2021-03-02T07:36:00","date_gmt":"2021-03-02T10:36:00","guid":{"rendered":"http:\/\/ordemdazoeira.com.br\/?p=272"},"modified":"2021-03-02T07:36:42","modified_gmt":"2021-03-02T10:36:42","slug":"mozart-de-merda","status":"publish","type":"post","link":"https:\/\/ordemdazoeira.com.br\/index.php\/2021\/03\/02\/mozart-de-merda\/","title":{"rendered":"Mozart de merda"},"content":{"rendered":"\n<p style=\"font-size:18px\">Um dos maiores compositores (se n\u00e3o o maior) de todos os tempos <strong>poderia ser comentarista daqui<\/strong> tamanha sua &#8220;maturidade&#8221;. Mas nessa <strong>quinta s\u00e9rie enrustida<\/strong> talvez houvesse algo mais s\u00f3rdido e quem sabe, escatol\u00f3gico.<\/p>\n\n\n\n<p style=\"font-size:18px\">No <strong>s\u00e9culo XVIII na Europa<\/strong> eram muito comum as piadas envolvendo fezes, j\u00e1 que a <strong>Idade das Trevas <\/strong>h\u00e1 tempos havia passado &#8211; <em>onde segundo Monty Python <a href=\"https:\/\/www.youtube.com\/watch?v=t2c-X8HiBng\" target=\"_blank\" rel=\"noreferrer noopener\">os camponeses trabalhavam revolvendo fezes e sujeira<\/a><\/em> <em>e todos eram ignorantes<\/em> &#8211; portanto a escatologia parecia estar nos <strong>trend topics<\/strong> dos bailes.<\/p>\n\n\n\n<div class=\"wp-block-image is-style-default\"><figure class=\"aligncenter size-large\"><img loading=\"lazy\" decoding=\"async\" width=\"1024\" height=\"618\" src=\"http:\/\/ordemdazoeira.com.br\/wp-content\/uploads\/2021\/03\/bab4ab6055e9462356dbc8195f3bfec2-1024x618.jpg\" alt=\"\" class=\"wp-image-273\" srcset=\"https:\/\/ordemdazoeira.com.br\/wp-content\/uploads\/2021\/03\/bab4ab6055e9462356dbc8195f3bfec2-1024x618.jpg 1024w, https:\/\/ordemdazoeira.com.br\/wp-content\/uploads\/2021\/03\/bab4ab6055e9462356dbc8195f3bfec2-300x181.jpg 300w, https:\/\/ordemdazoeira.com.br\/wp-content\/uploads\/2021\/03\/bab4ab6055e9462356dbc8195f3bfec2-768x464.jpg 768w, https:\/\/ordemdazoeira.com.br\/wp-content\/uploads\/2021\/03\/bab4ab6055e9462356dbc8195f3bfec2-936x565.jpg 936w, https:\/\/ordemdazoeira.com.br\/wp-content\/uploads\/2021\/03\/bab4ab6055e9462356dbc8195f3bfec2.jpg 1146w\" sizes=\"auto, (max-width: 1024px) 100vw, 1024px\" \/><figcaption><em>S\u00f3 nos passinhos. &#8220;Oh baby me levaaaa&#8230;&#8221;<\/em><\/figcaption><\/figure><\/div>\n\n\n\n<p style=\"font-size:18px\"><strong>Johannes Chrysostomus Wolfgangus Theophilus Mozart<\/strong> sempre fora um menino precoce. Desde cedo j\u00e1 tinha o pai &#8211; <em>tamb\u00e9m compositor<\/em> &#8211; como maior f\u00e3 e tamb\u00e9m j\u00e1 demonstrava um certo <strong>apre\u00e7o por fezes<\/strong>. Certa vez sua imaturidade quanto aos assuntos da vida deixou o pr\u00f3prio genitor p\u00ea da vida ao descrever a nobreza austr\u00edaca:<\/p>\n\n\n\n<blockquote class=\"wp-block-quote is-style-large is-layout-flow wp-block-quote-is-layout-flow\"><p><em>\u201cChegou a duquesa Tapa no Traseiro, a condessa Mijona, sem falar na princesa Monte de Esterco com suas duas filhas, as quais, por\u00e9m, j\u00e1 s\u00e3o casadas com dois pr\u00edncipes Pan\u00e7a von Rabo de Porco. Beijo a m\u00e3o de papai cem mil vezes e abra\u00e7o a besta da minha irm\u00e3 com uma ternura de urso\u201d<\/em><\/p><cite>Mozart Lispector<\/cite><\/blockquote>\n\n\n\n<p style=\"font-size:18px\">Historiadores chegaram a teorizar que Mozart tinha <a href=\"https:\/\/www.ncbi.nlm.nih.gov\/pmc\/articles\/PMC2117611\/\" target=\"_blank\" rel=\"noreferrer noopener\">Tourette<\/a>, era <a href=\"https:\/\/blogdojuarezsilva.wordpress.com\/2018\/01\/08\/mozart-nao-era-negro-ou-quando-neoativistas-queimam-o-filme\/\" target=\"_blank\" rel=\"noreferrer noopener\">negro<\/a> &#8211; <em>agora tem de falar preto, n\u00e3o se decidem!<\/em> &#8211; e s\u00f3 faltava dizer que <strong>votou no Bolsonaro e tinha um poster da Dilma no quarto<\/strong>, mas um consenso segundo suas correspond\u00eancias era de que realmente ele tinha um fetiche por coc\u00f4: <strong>a coprofilia<\/strong>.<\/p>\n\n\n\n<div class=\"wp-block-image is-style-default\"><figure class=\"aligncenter size-large\"><img loading=\"lazy\" decoding=\"async\" width=\"1024\" height=\"760\" src=\"http:\/\/ordemdazoeira.com.br\/wp-content\/uploads\/2021\/03\/mozart-1117595-gigapixel-scale-2_00x-1024x760.jpeg\" alt=\"\" class=\"wp-image-276\" srcset=\"https:\/\/ordemdazoeira.com.br\/wp-content\/uploads\/2021\/03\/mozart-1117595-gigapixel-scale-2_00x-1024x760.jpeg 1024w, https:\/\/ordemdazoeira.com.br\/wp-content\/uploads\/2021\/03\/mozart-1117595-gigapixel-scale-2_00x-300x223.jpeg 300w, https:\/\/ordemdazoeira.com.br\/wp-content\/uploads\/2021\/03\/mozart-1117595-gigapixel-scale-2_00x-768x570.jpeg 768w, https:\/\/ordemdazoeira.com.br\/wp-content\/uploads\/2021\/03\/mozart-1117595-gigapixel-scale-2_00x-1292x959.jpeg 1292w, https:\/\/ordemdazoeira.com.br\/wp-content\/uploads\/2021\/03\/mozart-1117595-gigapixel-scale-2_00x-936x695.jpeg 936w, https:\/\/ordemdazoeira.com.br\/wp-content\/uploads\/2021\/03\/mozart-1117595-gigapixel-scale-2_00x.jpeg 1536w\" sizes=\"auto, (max-width: 1024px) 100vw, 1024px\" \/><figcaption>&#8220;Para de falar de merda e toca Raul a\u00ed Madeuzinho!&#8221;<\/figcaption><\/figure><\/div>\n\n\n\n<p style=\"font-size:18px\">Durante <strong>certos ver\u00f5es com sua prima<\/strong> Marianne Thekla Mozart, o jovem Amadeus cria um relacionamento regado (<em>desculpem<\/em>) \u00e0 <strong>piadas e cita\u00e7\u00f5es sobre merda<\/strong> como:<\/p>\n\n\n\n<blockquote class=\"wp-block-quote is-style-large is-layout-flow wp-block-quote-is-layout-flow\"><p><em>\u201cBem, desejo-lhe boa noite\/ Mas primeiro cague na sua cama e fa\u00e7a explodir\/ Durma profundamente, minha querida, na sua boca, sua bunda vai enfiar\u201d<\/em><\/p><cite>Amadeuzinho Boca-de-Rosas<\/cite><\/blockquote>\n\n\n\n<p style=\"font-size:18px\">Algo constantemente repetido em suas cartas.  Isso poderia ser uma explica\u00e7\u00e3o l\u00f3gica se realmente tivesse um <strong>poster da Dilma<\/strong> no quarto.<\/p>\n\n\n\n<div class=\"wp-block-image is-style-default\"><figure class=\"aligncenter size-large\"><img loading=\"lazy\" decoding=\"async\" width=\"730\" height=\"1024\" src=\"http:\/\/ordemdazoeira.com.br\/wp-content\/uploads\/2021\/03\/428px-mariaannatheklamozart-gigapixel-scale-2_00x-730x1024.jpeg\" alt=\"\" class=\"wp-image-277\" srcset=\"https:\/\/ordemdazoeira.com.br\/wp-content\/uploads\/2021\/03\/428px-mariaannatheklamozart-gigapixel-scale-2_00x-730x1024.jpeg 730w, https:\/\/ordemdazoeira.com.br\/wp-content\/uploads\/2021\/03\/428px-mariaannatheklamozart-gigapixel-scale-2_00x-214x300.jpeg 214w, https:\/\/ordemdazoeira.com.br\/wp-content\/uploads\/2021\/03\/428px-mariaannatheklamozart-gigapixel-scale-2_00x-768x1077.jpeg 768w, https:\/\/ordemdazoeira.com.br\/wp-content\/uploads\/2021\/03\/428px-mariaannatheklamozart-gigapixel-scale-2_00x.jpeg 856w\" sizes=\"auto, (max-width: 730px) 100vw, 730px\" \/><figcaption><em>&#8220;\u00d4 prima, v\u00e1 \u00e0 merda! Literalmente&#8221;<\/em><\/figcaption><\/figure><\/div>\n\n\n\n<p style=\"font-size:18px\">N\u00e3o apenas em suas cartas o g\u00eanio-compositor distribu\u00eda coliformes, mas em algumas <strong>desconhecidas composi\u00e7\u00f5es <\/strong>como: <strong>Lamba-me bem e limpo<\/strong> (<a href=\"https:\/\/www.youtube.com\/watch?v=-VsieYM4NZE\" target=\"_blank\" rel=\"noreferrer noopener\"><em>Leck mir den Arsch fein rein<\/em><\/a>) e <strong>Lamba-me na bunda<\/strong> (<a href=\"https:\/\/www.youtube.com\/watch?v=C78HBp-Youk\" target=\"_blank\" rel=\"noreferrer noopener\"><em>Leck mich im Arsch<\/em><\/a>). Os historiadores parecem ter raz\u00e3o quanto essa obsess\u00e3o. <\/p>\n\n\n\n<p style=\"font-size:18px\">Durante toda sua vida Mozart parecia, agia e <strong>era muito infantil<\/strong>, inclusive <strong>sempre tivera o aux\u00edlio do pai ou algum tutor<\/strong> sobre quest\u00f5es financeiras &#8211; <em>j\u00e1 que n\u00e3o sabia administrar o cart\u00e3o do Nubank<\/em> &#8211; e <strong>aos 35 anos de idade<\/strong> repentinamente se sentiu velho e acabado, inclusive com mania de persegui\u00e7\u00e3o. Achava que o compositor italiano <strong>Salieri <em><a href=\"https:\/\/www.classicfm.com\/composers\/mozart\/guides\/did-salieri-murder-mozart-mythbuster\/\" target=\"_blank\" rel=\"noreferrer noopener\">o havia envenenado<\/a><\/em><\/strong> (<em>como fantasiado no filme Amadeus<\/em>). Acabou <strong>morrendo com essa idade<\/strong> antes de terminar seu <em><a href=\"https:\/\/www.youtube.com\/watch?v=Dp2SJN4UiE4\" target=\"_blank\" rel=\"noreferrer noopener\">Requiem<\/a><\/em> &#8211; <em>completado com ajuda de dois de seus alunos<\/em> &#8211; para que sua esposa recebesse os honor\u00e1rios.<\/p>\n\n\n\n<figure class=\"wp-block-embed aligncenter is-type-video is-provider-youtube wp-block-embed-youtube wp-embed-aspect-4-3 wp-has-aspect-ratio\"><div class=\"wp-block-embed__wrapper\">\n<iframe loading=\"lazy\" title=\"Falco - Rock Me Amadeus (Official Video)\" width=\"500\" height=\"375\" src=\"https:\/\/www.youtube.com\/embed\/cVikZ8Oe_XA?feature=oembed\" frameborder=\"0\" allow=\"accelerometer; autoplay; clipboard-write; encrypted-media; gyroscope; picture-in-picture; web-share\" referrerpolicy=\"strict-origin-when-cross-origin\" allowfullscreen><\/iframe>\n<\/div><\/figure>\n\n\n\n<p style=\"font-size:18px\">Eis um grande exemplo que ficar\u00e1 para sempre nos <strong>anais<\/strong> (<em>desculpe<\/em>) da hist\u00f3ria, de algu\u00e9m que fez muita <strong>merda<\/strong> (<em>desculpe<\/em>) durante a vida, e acabou morrendo na <strong>merda<\/strong> (<em>desculpe<\/em>), mas que \u00e9 e ser\u00e1 <strong>admirado pelas gera\u00e7\u00f5es por vir<\/strong>.<\/p>\n\n\n\n<p><em>Fonte: <strong><a href=\"https:\/\/aventurasnahistoria.uol.com.br\/noticias\/almanaque\/historia-mozart-estacatologia-obsessao.phtml\" target=\"_blank\" rel=\"noreferrer noopener\">Aventuras na Hist\u00f3ria<\/a><\/strong><\/em><\/p>\n","protected":false},"excerpt":{"rendered":"<p>Um dos maiores compositores (se n\u00e3o o maior) de todos os tempos poderia ser comentarista daqui tamanha sua &#8220;maturidade&#8221;. Mas&#8230;<\/p>\n","protected":false},"author":3,"featured_media":274,"comment_status":"open","ping_status":"open","sticky":false,"template":"","format":"standard","meta":{"_monsterinsights_skip_tracking":false,"_monsterinsights_sitenote_active":false,"_monsterinsights_sitenote_note":"","_monsterinsights_sitenote_category":0,"footnotes":""},"categories":[69],"tags":[68,67,10],"class_list":["post-272","post","type-post","status-publish","format-standard","has-post-thumbnail","hentry","category-odz-cult","tag-coprofilia","tag-habitos","tag-musica","wpcat-69-id"],"yoast_head":"<!-- This site is optimized with the Yoast SEO plugin v24.2 - https:\/\/yoast.com\/wordpress\/plugins\/seo\/ -->\n<title>Mozart de merda - ODZ<\/title>\n<meta name=\"robots\" content=\"index, follow, max-snippet:-1, max-image-preview:large, max-video-preview:-1\" \/>\n<link rel=\"canonical\" href=\"https:\/\/ordemdazoeira.com.br\/index.php\/2021\/03\/02\/mozart-de-merda\/\" \/>\n<meta property=\"og:locale\" content=\"en_US\" \/>\n<meta property=\"og:type\" content=\"article\" \/>\n<meta property=\"og:title\" content=\"Mozart de merda - ODZ\" \/>\n<meta property=\"og:description\" content=\"Um dos maiores compositores (se n\u00e3o o maior) de todos os tempos poderia ser comentarista daqui tamanha sua &#8220;maturidade&#8221;. Mas...\" \/>\n<meta property=\"og:url\" content=\"https:\/\/ordemdazoeira.com.br\/index.php\/2021\/03\/02\/mozart-de-merda\/\" \/>\n<meta property=\"og:site_name\" content=\"ODZ\" \/>\n<meta property=\"article:published_time\" content=\"2021-03-02T10:36:00+00:00\" \/>\n<meta property=\"article:modified_time\" content=\"2021-03-02T10:36:42+00:00\" \/>\n<meta property=\"og:image\" content=\"https:\/\/ordemdazoeira.com.br\/wp-content\/uploads\/2021\/03\/mozarthistoriacapa_csn6Dj4_widelg.jpeg\" \/>\n\t<meta property=\"og:image:width\" content=\"800\" \/>\n\t<meta property=\"og:image:height\" content=\"450\" \/>\n\t<meta property=\"og:image:type\" content=\"image\/jpeg\" \/>\n<meta name=\"author\" content=\"Eric Mac Fadden\" \/>\n<meta name=\"twitter:card\" content=\"summary_large_image\" \/>\n<meta name=\"twitter:label1\" content=\"Written by\" \/>\n\t<meta name=\"twitter:data1\" content=\"Eric Mac Fadden\" \/>\n\t<meta name=\"twitter:label2\" content=\"Est. reading time\" \/>\n\t<meta name=\"twitter:data2\" content=\"3 minutes\" \/>\n<script type=\"application\/ld+json\" class=\"yoast-schema-graph\">{\"@context\":\"https:\/\/schema.org\",\"@graph\":[{\"@type\":\"WebPage\",\"@id\":\"https:\/\/ordemdazoeira.com.br\/index.php\/2021\/03\/02\/mozart-de-merda\/\",\"url\":\"https:\/\/ordemdazoeira.com.br\/index.php\/2021\/03\/02\/mozart-de-merda\/\",\"name\":\"Mozart de merda - ODZ\",\"isPartOf\":{\"@id\":\"https:\/\/ordemdazoeira.com.br\/#website\"},\"primaryImageOfPage\":{\"@id\":\"https:\/\/ordemdazoeira.com.br\/index.php\/2021\/03\/02\/mozart-de-merda\/#primaryimage\"},\"image\":{\"@id\":\"https:\/\/ordemdazoeira.com.br\/index.php\/2021\/03\/02\/mozart-de-merda\/#primaryimage\"},\"thumbnailUrl\":\"https:\/\/ordemdazoeira.com.br\/wp-content\/uploads\/2021\/03\/mozarthistoriacapa_csn6Dj4_widelg.jpeg\",\"datePublished\":\"2021-03-02T10:36:00+00:00\",\"dateModified\":\"2021-03-02T10:36:42+00:00\",\"author\":{\"@id\":\"https:\/\/ordemdazoeira.com.br\/#\/schema\/person\/2307badcd996505366bf8ae557805ffc\"},\"breadcrumb\":{\"@id\":\"https:\/\/ordemdazoeira.com.br\/index.php\/2021\/03\/02\/mozart-de-merda\/#breadcrumb\"},\"inLanguage\":\"en-US\",\"potentialAction\":[{\"@type\":\"ReadAction\",\"target\":[\"https:\/\/ordemdazoeira.com.br\/index.php\/2021\/03\/02\/mozart-de-merda\/\"]}]},{\"@type\":\"ImageObject\",\"inLanguage\":\"en-US\",\"@id\":\"https:\/\/ordemdazoeira.com.br\/index.php\/2021\/03\/02\/mozart-de-merda\/#primaryimage\",\"url\":\"https:\/\/ordemdazoeira.com.br\/wp-content\/uploads\/2021\/03\/mozarthistoriacapa_csn6Dj4_widelg.jpeg\",\"contentUrl\":\"https:\/\/ordemdazoeira.com.br\/wp-content\/uploads\/2021\/03\/mozarthistoriacapa_csn6Dj4_widelg.jpeg\",\"width\":800,\"height\":450},{\"@type\":\"BreadcrumbList\",\"@id\":\"https:\/\/ordemdazoeira.com.br\/index.php\/2021\/03\/02\/mozart-de-merda\/#breadcrumb\",\"itemListElement\":[{\"@type\":\"ListItem\",\"position\":1,\"name\":\"Home\",\"item\":\"https:\/\/ordemdazoeira.com.br\/\"},{\"@type\":\"ListItem\",\"position\":2,\"name\":\"Mozart de merda\"}]},{\"@type\":\"WebSite\",\"@id\":\"https:\/\/ordemdazoeira.com.br\/#website\",\"url\":\"https:\/\/ordemdazoeira.com.br\/\",\"name\":\"ODZ\",\"description\":\"\",\"potentialAction\":[{\"@type\":\"SearchAction\",\"target\":{\"@type\":\"EntryPoint\",\"urlTemplate\":\"https:\/\/ordemdazoeira.com.br\/?s={search_term_string}\"},\"query-input\":{\"@type\":\"PropertyValueSpecification\",\"valueRequired\":true,\"valueName\":\"search_term_string\"}}],\"inLanguage\":\"en-US\"},{\"@type\":\"Person\",\"@id\":\"https:\/\/ordemdazoeira.com.br\/#\/schema\/person\/2307badcd996505366bf8ae557805ffc\",\"name\":\"Eric Mac Fadden\",\"image\":{\"@type\":\"ImageObject\",\"inLanguage\":\"en-US\",\"@id\":\"https:\/\/ordemdazoeira.com.br\/#\/schema\/person\/image\/\",\"url\":\"https:\/\/secure.gravatar.com\/avatar\/7cd8f4b0b9c141fb501b64e6824599d38d5b0fcccb8c1bbc2fa728576057f990?s=96&d=mm&r=g\",\"contentUrl\":\"https:\/\/secure.gravatar.com\/avatar\/7cd8f4b0b9c141fb501b64e6824599d38d5b0fcccb8c1bbc2fa728576057f990?s=96&d=mm&r=g\",\"caption\":\"Eric Mac Fadden\"},\"url\":\"https:\/\/ordemdazoeira.com.br\/index.php\/author\/eric-mac-fadden\/\"}]}<\/script>\n<!-- \/ Yoast SEO plugin. -->","yoast_head_json":{"title":"Mozart de merda - ODZ","robots":{"index":"index","follow":"follow","max-snippet":"max-snippet:-1","max-image-preview":"max-image-preview:large","max-video-preview":"max-video-preview:-1"},"canonical":"https:\/\/ordemdazoeira.com.br\/index.php\/2021\/03\/02\/mozart-de-merda\/","og_locale":"en_US","og_type":"article","og_title":"Mozart de merda - ODZ","og_description":"Um dos maiores compositores (se n\u00e3o o maior) de todos os tempos poderia ser comentarista daqui tamanha sua &#8220;maturidade&#8221;. Mas...","og_url":"https:\/\/ordemdazoeira.com.br\/index.php\/2021\/03\/02\/mozart-de-merda\/","og_site_name":"ODZ","article_published_time":"2021-03-02T10:36:00+00:00","article_modified_time":"2021-03-02T10:36:42+00:00","og_image":[{"width":800,"height":450,"url":"https:\/\/ordemdazoeira.com.br\/wp-content\/uploads\/2021\/03\/mozarthistoriacapa_csn6Dj4_widelg.jpeg","type":"image\/jpeg"}],"author":"Eric Mac Fadden","twitter_card":"summary_large_image","twitter_misc":{"Written by":"Eric Mac Fadden","Est. reading time":"3 minutes"},"schema":{"@context":"https:\/\/schema.org","@graph":[{"@type":"WebPage","@id":"https:\/\/ordemdazoeira.com.br\/index.php\/2021\/03\/02\/mozart-de-merda\/","url":"https:\/\/ordemdazoeira.com.br\/index.php\/2021\/03\/02\/mozart-de-merda\/","name":"Mozart de merda - ODZ","isPartOf":{"@id":"https:\/\/ordemdazoeira.com.br\/#website"},"primaryImageOfPage":{"@id":"https:\/\/ordemdazoeira.com.br\/index.php\/2021\/03\/02\/mozart-de-merda\/#primaryimage"},"image":{"@id":"https:\/\/ordemdazoeira.com.br\/index.php\/2021\/03\/02\/mozart-de-merda\/#primaryimage"},"thumbnailUrl":"https:\/\/ordemdazoeira.com.br\/wp-content\/uploads\/2021\/03\/mozarthistoriacapa_csn6Dj4_widelg.jpeg","datePublished":"2021-03-02T10:36:00+00:00","dateModified":"2021-03-02T10:36:42+00:00","author":{"@id":"https:\/\/ordemdazoeira.com.br\/#\/schema\/person\/2307badcd996505366bf8ae557805ffc"},"breadcrumb":{"@id":"https:\/\/ordemdazoeira.com.br\/index.php\/2021\/03\/02\/mozart-de-merda\/#breadcrumb"},"inLanguage":"en-US","potentialAction":[{"@type":"ReadAction","target":["https:\/\/ordemdazoeira.com.br\/index.php\/2021\/03\/02\/mozart-de-merda\/"]}]},{"@type":"ImageObject","inLanguage":"en-US","@id":"https:\/\/ordemdazoeira.com.br\/index.php\/2021\/03\/02\/mozart-de-merda\/#primaryimage","url":"https:\/\/ordemdazoeira.com.br\/wp-content\/uploads\/2021\/03\/mozarthistoriacapa_csn6Dj4_widelg.jpeg","contentUrl":"https:\/\/ordemdazoeira.com.br\/wp-content\/uploads\/2021\/03\/mozarthistoriacapa_csn6Dj4_widelg.jpeg","width":800,"height":450},{"@type":"BreadcrumbList","@id":"https:\/\/ordemdazoeira.com.br\/index.php\/2021\/03\/02\/mozart-de-merda\/#breadcrumb","itemListElement":[{"@type":"ListItem","position":1,"name":"Home","item":"https:\/\/ordemdazoeira.com.br\/"},{"@type":"ListItem","position":2,"name":"Mozart de merda"}]},{"@type":"WebSite","@id":"https:\/\/ordemdazoeira.com.br\/#website","url":"https:\/\/ordemdazoeira.com.br\/","name":"ODZ","description":"","potentialAction":[{"@type":"SearchAction","target":{"@type":"EntryPoint","urlTemplate":"https:\/\/ordemdazoeira.com.br\/?s={search_term_string}"},"query-input":{"@type":"PropertyValueSpecification","valueRequired":true,"valueName":"search_term_string"}}],"inLanguage":"en-US"},{"@type":"Person","@id":"https:\/\/ordemdazoeira.com.br\/#\/schema\/person\/2307badcd996505366bf8ae557805ffc","name":"Eric Mac Fadden","image":{"@type":"ImageObject","inLanguage":"en-US","@id":"https:\/\/ordemdazoeira.com.br\/#\/schema\/person\/image\/","url":"https:\/\/secure.gravatar.com\/avatar\/7cd8f4b0b9c141fb501b64e6824599d38d5b0fcccb8c1bbc2fa728576057f990?s=96&d=mm&r=g","contentUrl":"https:\/\/secure.gravatar.com\/avatar\/7cd8f4b0b9c141fb501b64e6824599d38d5b0fcccb8c1bbc2fa728576057f990?s=96&d=mm&r=g","caption":"Eric Mac Fadden"},"url":"https:\/\/ordemdazoeira.com.br\/index.php\/author\/eric-mac-fadden\/"}]}},"_links":{"self":[{"href":"https:\/\/ordemdazoeira.com.br\/index.php\/wp-json\/wp\/v2\/posts\/272","targetHints":{"allow":["GET"]}}],"collection":[{"href":"https:\/\/ordemdazoeira.com.br\/index.php\/wp-json\/wp\/v2\/posts"}],"about":[{"href":"https:\/\/ordemdazoeira.com.br\/index.php\/wp-json\/wp\/v2\/types\/post"}],"author":[{"embeddable":true,"href":"https:\/\/ordemdazoeira.com.br\/index.php\/wp-json\/wp\/v2\/users\/3"}],"replies":[{"embeddable":true,"href":"https:\/\/ordemdazoeira.com.br\/index.php\/wp-json\/wp\/v2\/comments?post=272"}],"version-history":[{"count":4,"href":"https:\/\/ordemdazoeira.com.br\/index.php\/wp-json\/wp\/v2\/posts\/272\/revisions"}],"predecessor-version":[{"id":281,"href":"https:\/\/ordemdazoeira.com.br\/index.php\/wp-json\/wp\/v2\/posts\/272\/revisions\/281"}],"wp:featuredmedia":[{"embeddable":true,"href":"https:\/\/ordemdazoeira.com.br\/index.php\/wp-json\/wp\/v2\/media\/274"}],"wp:attachment":[{"href":"https:\/\/ordemdazoeira.com.br\/index.php\/wp-json\/wp\/v2\/media?parent=272"}],"wp:term":[{"taxonomy":"category","embeddable":true,"href":"https:\/\/ordemdazoeira.com.br\/index.php\/wp-json\/wp\/v2\/categories?post=272"},{"taxonomy":"post_tag","embeddable":true,"href":"https:\/\/ordemdazoeira.com.br\/index.php\/wp-json\/wp\/v2\/tags?post=272"}],"curies":[{"name":"wp","href":"https:\/\/api.w.org\/{rel}","templated":true}]}}