{"id":3104,"date":"2023-02-09T07:38:17","date_gmt":"2023-02-09T10:38:17","guid":{"rendered":"http:\/\/ordemdazoeira.com.br\/?p=3104"},"modified":"2023-02-09T07:38:17","modified_gmt":"2023-02-09T10:38:17","slug":"de-olho-na-musica","status":"publish","type":"post","link":"https:\/\/ordemdazoeira.com.br\/index.php\/2023\/02\/09\/de-olho-na-musica\/","title":{"rendered":"De olho na m\u00fasica"},"content":{"rendered":"\n<p><em>Por <strong><a href=\"https:\/\/disqus.com\/by\/fartingmonkey\/?l=pt_BR\" target=\"_blank\" rel=\"noreferrer noopener\">Monkey<\/a><\/strong><\/em><\/p>\n\n\n\n<p style=\"font-size:18px\">No final dos anos 90, o Winamp fez bastante sucesso nas paradas musicais. Era um tocador fant\u00e1stico <a href=\"https:\/\/en.wikipedia.org\/wiki\/Winamp\">E COM HIST\u00d3RIA<\/a>, cujos trocentos plugins e skins fizeram muito sucesso na \u00e9poca. Algo que lembro bem do Winamp (e de seu clone XMMS para Linux) era que ele tinha suporte a &#8220;visualizadores de m\u00fasica&#8221; (vamos chamar assim por enquanto). Sim, a explos\u00e3o de dispositivos m\u00f3veis ainda n\u00e3o havia ocorrido e \u00e1udio digital normalmente era privil\u00e9gio dos desktops. O m\u00e1ximo que se tinha \u00e0 m\u00e3o eram os mp3 players (alguns at\u00e9 mp10, mp15, mp20\u2026) cuja capacidade de processamento era p\u00edfia e n\u00e3o conseguiam oferecer um visualizador de m\u00fasica para quem procurasse. Bom, eles normalmente viviam nos bolsos dos usu\u00e1rios\u2026<\/p>\n\n\n\n<p style=\"font-size:18px\">A visualiza\u00e7\u00e3o de m\u00fasica n\u00e3o \u00e9 algo recente. Bons equalizadores gr\u00e1ficos de \u00e1udio anal\u00f3gico sempre tiveram um visualizador \u00e0 mostra. O Pioneer GR777 (tenho um) \u00e9 um bom exemplo disso e ele &#8220;mostrava&#8221; a &#8220;for\u00e7a&#8221; do \u00e1udio em reprodu\u00e7\u00e3o em tempo real. \u00c9 bonito o efeito e d\u00e1 um charme especial ao aparelho.<\/p>\n\n\n\n<div class=\"wp-block-image\"><figure class=\"aligncenter size-large\"><img loading=\"lazy\" decoding=\"async\" width=\"960\" height=\"358\" src=\"http:\/\/ordemdazoeira.com.br\/wp-content\/uploads\/2023\/02\/pioner-gr777.jpg\" alt=\"\" class=\"wp-image-3105\" srcset=\"https:\/\/ordemdazoeira.com.br\/wp-content\/uploads\/2023\/02\/pioner-gr777.jpg 960w, https:\/\/ordemdazoeira.com.br\/wp-content\/uploads\/2023\/02\/pioner-gr777-300x112.jpg 300w, https:\/\/ordemdazoeira.com.br\/wp-content\/uploads\/2023\/02\/pioner-gr777-768x286.jpg 768w, https:\/\/ordemdazoeira.com.br\/wp-content\/uploads\/2023\/02\/pioner-gr777-936x349.jpg 936w\" sizes=\"auto, (max-width: 960px) 100vw, 960px\" \/><figcaption><em>Pioneer GR-777<\/em><\/figcaption><\/figure><\/div>\n\n\n\n<p style=\"font-size:18px\">Ocorre que a ferramenta matem\u00e1tica usada para calcular os tamanhos das barrinhas de luz no GR777 \u00e9 a mesma que o Winamp (ou xmms) usa para mostrar os efeitos visuais: a Transformada Discreta de Fourier.<\/p>\n\n\n\n<h2 class=\"wp-block-heading\">A Transformada Discreta de Fourier<\/h2>\n\n\n\n<p style=\"font-size:18px\">Jean-Baptiste Joseph Fourier, inventor dessa ferramenta matem\u00e1tica, morreu em 1830, mas deixou uma contribui\u00e7\u00e3o sem precedentes para a engenharia e \u00e9 gra\u00e7as a ela que voc\u00ea se comunica diariamente usando seus dispositivos eletr\u00f4nicos.<\/p>\n\n\n\n<p style=\"font-size:18px\">N\u00e3o tentarei explicar os princ\u00edpios matem\u00e1ticos da Transformada Discreta de Fourier (ou DFT &#8211; Discrete Fourier Transform). Para entend\u00ea-la a fundo \u00e9 necess\u00e1rio alguma fundamenta\u00e7\u00e3o que s\u00f3 os aventureiros de engenharia possuem, mas\u2026 uma no\u00e7\u00e3o perfunct\u00f3ria de seu funcionamento \u00e9 poss\u00edvel oferecer, juntamente com o entendimento de como os efeitos visuais podem ser gerados.<\/p>\n\n\n\n<p style=\"font-size:18px\">Basicamente, o que Fourier descobriu: como decompor uma fun\u00e7\u00e3o qualquer (peri\u00f3dica e n\u00e3o peri\u00f3dica, inclusive) em uma soma de senos de freq\u00fc\u00eancias diferentes deslocados no tempo. Em se tratando de um sinal de \u00e1udio, o efeito imediato da aplica\u00e7\u00e3o da DFT \u00e9 que \u00e9 poss\u00edvel encontrar as amplitudes exatas de cada um dos senos associadas com uma determinada freq\u00fc\u00eancia que est\u00e1 no \u00e1udio.<\/p>\n\n\n\n<div class=\"wp-block-image\"><figure class=\"aligncenter size-large\"><img loading=\"lazy\" decoding=\"async\" width=\"1024\" height=\"579\" src=\"http:\/\/ordemdazoeira.com.br\/wp-content\/uploads\/2023\/02\/seno-1024x579.jpg\" alt=\"\" class=\"wp-image-3107\" srcset=\"https:\/\/ordemdazoeira.com.br\/wp-content\/uploads\/2023\/02\/seno-1024x579.jpg 1024w, https:\/\/ordemdazoeira.com.br\/wp-content\/uploads\/2023\/02\/seno-300x170.jpg 300w, https:\/\/ordemdazoeira.com.br\/wp-content\/uploads\/2023\/02\/seno-768x434.jpg 768w, https:\/\/ordemdazoeira.com.br\/wp-content\/uploads\/2023\/02\/seno-1536x869.jpg 1536w, https:\/\/ordemdazoeira.com.br\/wp-content\/uploads\/2023\/02\/seno-2048x1158.jpg 2048w, https:\/\/ordemdazoeira.com.br\/wp-content\/uploads\/2023\/02\/seno-1292x731.jpg 1292w, https:\/\/ordemdazoeira.com.br\/wp-content\/uploads\/2023\/02\/seno-936x529.jpg 936w\" sizes=\"auto, (max-width: 1024px) 100vw, 1024px\" \/><figcaption><em>Fourier descobriu um m\u00e9todo para encontrar os sinais 1 e 2 a partir do sinal 3<\/em><\/figcaption><\/figure><\/div>\n\n\n\n<p style=\"font-size:18px\">A transformada calcula a partir do sinal de entrada as freq\u00fc\u00eancias dos senos e seus respectivos deslocamentos no tempo e permite que isso seja, digamos, desenhado em um gr\u00e1fico com barras (impulsos), cada uma com amplitude proporcional \u00e0 amplitude do seno correspondente.<\/p>\n\n\n\n<p style=\"font-size:18px\">No caso da onda do gr\u00e1fico 3, por exemplo, apenas dois impulsos seriam percebidos, como ilustra o gr\u00e1fico seguinte, com um impulso correspondente \u00e0 amplitude do primeiro seno e outro \u00e0 do segundo.<\/p>\n\n\n\n<div class=\"wp-block-image\"><figure class=\"aligncenter size-large\"><img loading=\"lazy\" decoding=\"async\" width=\"1024\" height=\"760\" src=\"http:\/\/ordemdazoeira.com.br\/wp-content\/uploads\/2023\/02\/dft-1024x760.jpg\" alt=\"\" class=\"wp-image-3108\" srcset=\"https:\/\/ordemdazoeira.com.br\/wp-content\/uploads\/2023\/02\/dft-1024x760.jpg 1024w, https:\/\/ordemdazoeira.com.br\/wp-content\/uploads\/2023\/02\/dft-300x223.jpg 300w, https:\/\/ordemdazoeira.com.br\/wp-content\/uploads\/2023\/02\/dft-768x570.jpg 768w, https:\/\/ordemdazoeira.com.br\/wp-content\/uploads\/2023\/02\/dft-1536x1140.jpg 1536w, https:\/\/ordemdazoeira.com.br\/wp-content\/uploads\/2023\/02\/dft-2048x1520.jpg 2048w, https:\/\/ordemdazoeira.com.br\/wp-content\/uploads\/2023\/02\/dft-1292x959.jpg 1292w, https:\/\/ordemdazoeira.com.br\/wp-content\/uploads\/2023\/02\/dft-936x695.jpg 936w\" sizes=\"auto, (max-width: 1024px) 100vw, 1024px\" \/><figcaption><em>Cada impulso corresponde \u00e0 amplitude de um seno que comp\u00f5e a onda completa<\/em><\/figcaption><\/figure><\/div>\n\n\n\n<p style=\"font-size:18px\">Por exemplo, <strong>o som da voz humana varia entre 80Hz e 250Hz<\/strong>. Tra\u00e7ando um gr\u00e1fico com as amplitudes de cada sen\u00f3ide numa faixa de 20Hz a 20KHz (faixa percept\u00edvel para um ouvido humano) de uma amostra de \u00e1udio que contivesse voz humana, percebe-se-ia contribui\u00e7\u00f5es (impulsos) ocorrendo entre 80Hz e 250Hz.<\/p>\n\n\n\n<p style=\"font-size:18px\">Se fosse um violino tocando na amostra de \u00e1udio, os impulsos apareceriam em outra faixa. O interessante \u00e9 que, se a voz humana figura junto com o violino na mesma amostra de \u00e1udio, surgem picos em diversas faixas diferentes, correspondentes a todas as amplitudes dos senos usados para compor a amostra de \u00e1udio completa.<\/p>\n\n\n\n<p style=\"font-size:18px\">Basta plotar as amplitudes das sen\u00f3ides de um sinal num eixo de freq\u00fc\u00eancias para obter um efeito visual bacana. A esse conjunto de amplitudes \u00e9 dado no nome de <strong>Espectro de Fourier<\/strong> e, portanto, tecnicamente, voc\u00ea n\u00e3o apreciaria um Visualizador de M\u00fasica, e sim um <strong>Visualizador de Espectro<\/strong> (ou Analisador de Espectro).<\/p>\n\n\n\n<p style=\"font-size:18px\">Entretanto, o ouvido humano possui a propriedade de n\u00e3o perceber varia\u00e7\u00f5es pr\u00f3ximas de freq\u00fc\u00eancias t\u00e3o bem nas regi\u00f5es de altas freq\u00fc\u00eancias quanto nas baixas freq\u00fc\u00eancias. Em outras palavras, voc\u00ea poderia perceber nitidamente uma diferen\u00e7a de 100Hz entre sons de 200Hz e 300Hz, mas n\u00e3o perceberia uma diferen\u00e7a entre sons de 11200Hz e 11300Hz.<\/p>\n\n\n\n<p style=\"font-size:18px\">Voc\u00ea pode experimentar um pouco a gera\u00e7\u00e3o de sinais de \u00e1udio <strong><a href=\"https:\/\/amantesdeamplificadores.com.br\/2018\/07\/gerador-frequencia-audio-online#toneapp1\" target=\"_blank\" rel=\"noreferrer noopener\">nesse link<\/a><\/strong>.<\/p>\n\n\n\n<p style=\"font-size:18px\">Por isso, nos analisadores de espectro, o eixo horizontal aparece na forma <strong>LOGAR\u00cdTMICA<\/strong>, para que o humano consiga perceber as varia\u00e7\u00f5es adequadamente, ou por <strong>BANDAS <\/strong>(juntando grupos de amplitudes por faixas de freq\u00fc\u00eancia). Uma vez calculada a DFT, toma-se o logaritmo do eixo horizontal e separa-se por faixas as amplitudes calculadas dos senos.<\/p>\n\n\n\n<div class=\"wp-block-image\"><figure class=\"aligncenter size-large\"><img loading=\"lazy\" decoding=\"async\" width=\"1024\" height=\"440\" src=\"http:\/\/ordemdazoeira.com.br\/wp-content\/uploads\/2023\/02\/gr777b-1024x440.jpg\" alt=\"\" class=\"wp-image-3109\" srcset=\"https:\/\/ordemdazoeira.com.br\/wp-content\/uploads\/2023\/02\/gr777b-1024x440.jpg 1024w, https:\/\/ordemdazoeira.com.br\/wp-content\/uploads\/2023\/02\/gr777b-300x129.jpg 300w, https:\/\/ordemdazoeira.com.br\/wp-content\/uploads\/2023\/02\/gr777b-768x330.jpg 768w, https:\/\/ordemdazoeira.com.br\/wp-content\/uploads\/2023\/02\/gr777b-936x402.jpg 936w, https:\/\/ordemdazoeira.com.br\/wp-content\/uploads\/2023\/02\/gr777b.jpg 1145w\" sizes=\"auto, (max-width: 1024px) 100vw, 1024px\" \/><figcaption><em>O Pioneer GR777 possui 10 Bandas por canal (Left\/Right)<\/em><\/figcaption><\/figure><\/div>\n\n\n\n<p style=\"font-size:18px\">Logo, o que voc\u00ea visualiza s\u00e3o efeitos visuais produzidos pelo tratamento da sa\u00edda da DFT. A implementa\u00e7\u00e3o em software normalmente \u00e9 feita tomando amostras de \u00e1udio com 512 elementos em ponto flutuante de precis\u00e3o dupla (double), de sorte que a DFT possui a mesma quantidade de elementos (512, no caso), cujos impulsos podem ser agrupados em intervalos (bandas), conforme o tipo de efeito visual.<\/p>\n\n\n\n<p style=\"font-size:18px\">O desenvolvedor de um visualizador de m\u00fasica (ou de espectro) trabalha construindo seu plugin para o reprodutor de \u00e1udio tendo como refer\u00eancia um array de valores categorizados por bandas de freq\u00fc\u00eancia. O plugin recebe constantemente a DFT calculada na forma de um array de valores e ao desenvolvedor cabe somente plotar o array recebido.<\/p>\n\n\n\n<div class=\"wp-block-image\"><figure class=\"aligncenter size-large is-resized\"><img decoding=\"async\" src=\"http:\/\/ordemdazoeira.com.br\/wp-content\/uploads\/2023\/02\/screenshot.png\" alt=\"\" class=\"wp-image-3110\" width=\"1200\" srcset=\"https:\/\/ordemdazoeira.com.br\/wp-content\/uploads\/2023\/02\/screenshot.png 934w, https:\/\/ordemdazoeira.com.br\/wp-content\/uploads\/2023\/02\/screenshot-300x134.png 300w, https:\/\/ordemdazoeira.com.br\/wp-content\/uploads\/2023\/02\/screenshot-768x343.png 768w\" sizes=\"(max-width: 934px) 100vw, 934px\" \/><figcaption><em>QMMP<\/em><\/figcaption><\/figure><\/div>\n\n\n\n<figure class=\"wp-block-image size-large is-resized\"><img decoding=\"async\" src=\"http:\/\/ordemdazoeira.com.br\/wp-content\/uploads\/2023\/02\/image-943x1024.png\" alt=\"\" class=\"wp-image-3111\" width=\"1200\" srcset=\"https:\/\/ordemdazoeira.com.br\/wp-content\/uploads\/2023\/02\/image-943x1024.png 943w, https:\/\/ordemdazoeira.com.br\/wp-content\/uploads\/2023\/02\/image-276x300.png 276w, https:\/\/ordemdazoeira.com.br\/wp-content\/uploads\/2023\/02\/image-768x834.png 768w, https:\/\/ordemdazoeira.com.br\/wp-content\/uploads\/2023\/02\/image-936x1017.png 936w, https:\/\/ordemdazoeira.com.br\/wp-content\/uploads\/2023\/02\/image.png 960w\" sizes=\"(max-width: 943px) 100vw, 943px\" \/><figcaption><em>AIMP<\/em><\/figcaption><\/figure>\n\n\n\n<p style=\"font-size:18px\">Os tocadores de m\u00fasica costumavam vir com muitos visualizadores bacanas. WinAmp e XMMS eram top nesse quesito. Hoje, por\u00e9m, com a populariza\u00e7\u00e3o dos servi\u00e7os de streaming, os visualizadores est\u00e3o meio esquecidos\u2026 Raramente os vejo.<\/p>\n\n\n\n<p style=\"font-size:18px\">Qual foi o melhor plugin de visualiza\u00e7\u00e3o que voc\u00ea lembra ter usado?<\/p>\n","protected":false},"excerpt":{"rendered":"<p>Por Monkey No final dos anos 90, o Winamp fez bastante sucesso nas paradas musicais. Era um tocador fant\u00e1stico E&#8230;<\/p>\n","protected":false},"author":3,"featured_media":3112,"comment_status":"open","ping_status":"open","sticky":false,"template":"","format":"standard","meta":{"_monsterinsights_skip_tracking":false,"_monsterinsights_sitenote_active":false,"_monsterinsights_sitenote_note":"","_monsterinsights_sitenote_category":0,"footnotes":""},"categories":[210],"tags":[542,543],"class_list":["post-3104","post","type-post","status-publish","format-standard","has-post-thumbnail","hentry","category-odz-musica","tag-equalizador","tag-to-te-vendo","wpcat-210-id"],"yoast_head":"<!-- This site is optimized with the Yoast SEO plugin v24.2 - https:\/\/yoast.com\/wordpress\/plugins\/seo\/ -->\n<title>De olho na m\u00fasica - ODZ<\/title>\n<meta name=\"robots\" content=\"index, follow, max-snippet:-1, max-image-preview:large, max-video-preview:-1\" \/>\n<link rel=\"canonical\" href=\"https:\/\/ordemdazoeira.com.br\/index.php\/2023\/02\/09\/de-olho-na-musica\/\" \/>\n<meta property=\"og:locale\" content=\"en_US\" \/>\n<meta property=\"og:type\" content=\"article\" \/>\n<meta property=\"og:title\" content=\"De olho na m\u00fasica - ODZ\" \/>\n<meta property=\"og:description\" content=\"Por Monkey No final dos anos 90, o Winamp fez bastante sucesso nas paradas musicais. Era um tocador fant\u00e1stico E...\" \/>\n<meta property=\"og:url\" content=\"https:\/\/ordemdazoeira.com.br\/index.php\/2023\/02\/09\/de-olho-na-musica\/\" \/>\n<meta property=\"og:site_name\" content=\"ODZ\" \/>\n<meta property=\"article:published_time\" content=\"2023-02-09T10:38:17+00:00\" \/>\n<meta property=\"og:image\" content=\"https:\/\/ordemdazoeira.com.br\/wp-content\/uploads\/2023\/02\/1aee0f4a53bf89bb36a20c4058fbb5c2-scaled.jpg\" \/>\n\t<meta property=\"og:image:width\" content=\"2560\" \/>\n\t<meta property=\"og:image:height\" content=\"1743\" \/>\n\t<meta property=\"og:image:type\" content=\"image\/jpeg\" \/>\n<meta name=\"author\" content=\"Eric Mac Fadden\" \/>\n<meta name=\"twitter:card\" content=\"summary_large_image\" \/>\n<meta name=\"twitter:label1\" content=\"Written by\" \/>\n\t<meta name=\"twitter:data1\" content=\"Eric Mac Fadden\" \/>\n\t<meta name=\"twitter:label2\" content=\"Est. reading time\" \/>\n\t<meta name=\"twitter:data2\" content=\"6 minutes\" \/>\n<script type=\"application\/ld+json\" class=\"yoast-schema-graph\">{\"@context\":\"https:\/\/schema.org\",\"@graph\":[{\"@type\":\"WebPage\",\"@id\":\"https:\/\/ordemdazoeira.com.br\/index.php\/2023\/02\/09\/de-olho-na-musica\/\",\"url\":\"https:\/\/ordemdazoeira.com.br\/index.php\/2023\/02\/09\/de-olho-na-musica\/\",\"name\":\"De olho na m\u00fasica - ODZ\",\"isPartOf\":{\"@id\":\"https:\/\/ordemdazoeira.com.br\/#website\"},\"primaryImageOfPage\":{\"@id\":\"https:\/\/ordemdazoeira.com.br\/index.php\/2023\/02\/09\/de-olho-na-musica\/#primaryimage\"},\"image\":{\"@id\":\"https:\/\/ordemdazoeira.com.br\/index.php\/2023\/02\/09\/de-olho-na-musica\/#primaryimage\"},\"thumbnailUrl\":\"https:\/\/ordemdazoeira.com.br\/wp-content\/uploads\/2023\/02\/1aee0f4a53bf89bb36a20c4058fbb5c2-scaled.jpg\",\"datePublished\":\"2023-02-09T10:38:17+00:00\",\"dateModified\":\"2023-02-09T10:38:17+00:00\",\"author\":{\"@id\":\"https:\/\/ordemdazoeira.com.br\/#\/schema\/person\/2307badcd996505366bf8ae557805ffc\"},\"breadcrumb\":{\"@id\":\"https:\/\/ordemdazoeira.com.br\/index.php\/2023\/02\/09\/de-olho-na-musica\/#breadcrumb\"},\"inLanguage\":\"en-US\",\"potentialAction\":[{\"@type\":\"ReadAction\",\"target\":[\"https:\/\/ordemdazoeira.com.br\/index.php\/2023\/02\/09\/de-olho-na-musica\/\"]}]},{\"@type\":\"ImageObject\",\"inLanguage\":\"en-US\",\"@id\":\"https:\/\/ordemdazoeira.com.br\/index.php\/2023\/02\/09\/de-olho-na-musica\/#primaryimage\",\"url\":\"https:\/\/ordemdazoeira.com.br\/wp-content\/uploads\/2023\/02\/1aee0f4a53bf89bb36a20c4058fbb5c2-scaled.jpg\",\"contentUrl\":\"https:\/\/ordemdazoeira.com.br\/wp-content\/uploads\/2023\/02\/1aee0f4a53bf89bb36a20c4058fbb5c2-scaled.jpg\",\"width\":2560,\"height\":1743},{\"@type\":\"BreadcrumbList\",\"@id\":\"https:\/\/ordemdazoeira.com.br\/index.php\/2023\/02\/09\/de-olho-na-musica\/#breadcrumb\",\"itemListElement\":[{\"@type\":\"ListItem\",\"position\":1,\"name\":\"Home\",\"item\":\"https:\/\/ordemdazoeira.com.br\/\"},{\"@type\":\"ListItem\",\"position\":2,\"name\":\"De olho na m\u00fasica\"}]},{\"@type\":\"WebSite\",\"@id\":\"https:\/\/ordemdazoeira.com.br\/#website\",\"url\":\"https:\/\/ordemdazoeira.com.br\/\",\"name\":\"ODZ\",\"description\":\"\",\"potentialAction\":[{\"@type\":\"SearchAction\",\"target\":{\"@type\":\"EntryPoint\",\"urlTemplate\":\"https:\/\/ordemdazoeira.com.br\/?s={search_term_string}\"},\"query-input\":{\"@type\":\"PropertyValueSpecification\",\"valueRequired\":true,\"valueName\":\"search_term_string\"}}],\"inLanguage\":\"en-US\"},{\"@type\":\"Person\",\"@id\":\"https:\/\/ordemdazoeira.com.br\/#\/schema\/person\/2307badcd996505366bf8ae557805ffc\",\"name\":\"Eric Mac Fadden\",\"image\":{\"@type\":\"ImageObject\",\"inLanguage\":\"en-US\",\"@id\":\"https:\/\/ordemdazoeira.com.br\/#\/schema\/person\/image\/\",\"url\":\"https:\/\/secure.gravatar.com\/avatar\/7cd8f4b0b9c141fb501b64e6824599d38d5b0fcccb8c1bbc2fa728576057f990?s=96&d=mm&r=g\",\"contentUrl\":\"https:\/\/secure.gravatar.com\/avatar\/7cd8f4b0b9c141fb501b64e6824599d38d5b0fcccb8c1bbc2fa728576057f990?s=96&d=mm&r=g\",\"caption\":\"Eric Mac Fadden\"},\"url\":\"https:\/\/ordemdazoeira.com.br\/index.php\/author\/eric-mac-fadden\/\"}]}<\/script>\n<!-- \/ Yoast SEO plugin. -->","yoast_head_json":{"title":"De olho na m\u00fasica - ODZ","robots":{"index":"index","follow":"follow","max-snippet":"max-snippet:-1","max-image-preview":"max-image-preview:large","max-video-preview":"max-video-preview:-1"},"canonical":"https:\/\/ordemdazoeira.com.br\/index.php\/2023\/02\/09\/de-olho-na-musica\/","og_locale":"en_US","og_type":"article","og_title":"De olho na m\u00fasica - ODZ","og_description":"Por Monkey No final dos anos 90, o Winamp fez bastante sucesso nas paradas musicais. Era um tocador fant\u00e1stico E...","og_url":"https:\/\/ordemdazoeira.com.br\/index.php\/2023\/02\/09\/de-olho-na-musica\/","og_site_name":"ODZ","article_published_time":"2023-02-09T10:38:17+00:00","og_image":[{"width":2560,"height":1743,"url":"https:\/\/ordemdazoeira.com.br\/wp-content\/uploads\/2023\/02\/1aee0f4a53bf89bb36a20c4058fbb5c2-scaled.jpg","type":"image\/jpeg"}],"author":"Eric Mac Fadden","twitter_card":"summary_large_image","twitter_misc":{"Written by":"Eric Mac Fadden","Est. reading time":"6 minutes"},"schema":{"@context":"https:\/\/schema.org","@graph":[{"@type":"WebPage","@id":"https:\/\/ordemdazoeira.com.br\/index.php\/2023\/02\/09\/de-olho-na-musica\/","url":"https:\/\/ordemdazoeira.com.br\/index.php\/2023\/02\/09\/de-olho-na-musica\/","name":"De olho na m\u00fasica - ODZ","isPartOf":{"@id":"https:\/\/ordemdazoeira.com.br\/#website"},"primaryImageOfPage":{"@id":"https:\/\/ordemdazoeira.com.br\/index.php\/2023\/02\/09\/de-olho-na-musica\/#primaryimage"},"image":{"@id":"https:\/\/ordemdazoeira.com.br\/index.php\/2023\/02\/09\/de-olho-na-musica\/#primaryimage"},"thumbnailUrl":"https:\/\/ordemdazoeira.com.br\/wp-content\/uploads\/2023\/02\/1aee0f4a53bf89bb36a20c4058fbb5c2-scaled.jpg","datePublished":"2023-02-09T10:38:17+00:00","dateModified":"2023-02-09T10:38:17+00:00","author":{"@id":"https:\/\/ordemdazoeira.com.br\/#\/schema\/person\/2307badcd996505366bf8ae557805ffc"},"breadcrumb":{"@id":"https:\/\/ordemdazoeira.com.br\/index.php\/2023\/02\/09\/de-olho-na-musica\/#breadcrumb"},"inLanguage":"en-US","potentialAction":[{"@type":"ReadAction","target":["https:\/\/ordemdazoeira.com.br\/index.php\/2023\/02\/09\/de-olho-na-musica\/"]}]},{"@type":"ImageObject","inLanguage":"en-US","@id":"https:\/\/ordemdazoeira.com.br\/index.php\/2023\/02\/09\/de-olho-na-musica\/#primaryimage","url":"https:\/\/ordemdazoeira.com.br\/wp-content\/uploads\/2023\/02\/1aee0f4a53bf89bb36a20c4058fbb5c2-scaled.jpg","contentUrl":"https:\/\/ordemdazoeira.com.br\/wp-content\/uploads\/2023\/02\/1aee0f4a53bf89bb36a20c4058fbb5c2-scaled.jpg","width":2560,"height":1743},{"@type":"BreadcrumbList","@id":"https:\/\/ordemdazoeira.com.br\/index.php\/2023\/02\/09\/de-olho-na-musica\/#breadcrumb","itemListElement":[{"@type":"ListItem","position":1,"name":"Home","item":"https:\/\/ordemdazoeira.com.br\/"},{"@type":"ListItem","position":2,"name":"De olho na m\u00fasica"}]},{"@type":"WebSite","@id":"https:\/\/ordemdazoeira.com.br\/#website","url":"https:\/\/ordemdazoeira.com.br\/","name":"ODZ","description":"","potentialAction":[{"@type":"SearchAction","target":{"@type":"EntryPoint","urlTemplate":"https:\/\/ordemdazoeira.com.br\/?s={search_term_string}"},"query-input":{"@type":"PropertyValueSpecification","valueRequired":true,"valueName":"search_term_string"}}],"inLanguage":"en-US"},{"@type":"Person","@id":"https:\/\/ordemdazoeira.com.br\/#\/schema\/person\/2307badcd996505366bf8ae557805ffc","name":"Eric Mac Fadden","image":{"@type":"ImageObject","inLanguage":"en-US","@id":"https:\/\/ordemdazoeira.com.br\/#\/schema\/person\/image\/","url":"https:\/\/secure.gravatar.com\/avatar\/7cd8f4b0b9c141fb501b64e6824599d38d5b0fcccb8c1bbc2fa728576057f990?s=96&d=mm&r=g","contentUrl":"https:\/\/secure.gravatar.com\/avatar\/7cd8f4b0b9c141fb501b64e6824599d38d5b0fcccb8c1bbc2fa728576057f990?s=96&d=mm&r=g","caption":"Eric Mac Fadden"},"url":"https:\/\/ordemdazoeira.com.br\/index.php\/author\/eric-mac-fadden\/"}]}},"_links":{"self":[{"href":"https:\/\/ordemdazoeira.com.br\/index.php\/wp-json\/wp\/v2\/posts\/3104","targetHints":{"allow":["GET"]}}],"collection":[{"href":"https:\/\/ordemdazoeira.com.br\/index.php\/wp-json\/wp\/v2\/posts"}],"about":[{"href":"https:\/\/ordemdazoeira.com.br\/index.php\/wp-json\/wp\/v2\/types\/post"}],"author":[{"embeddable":true,"href":"https:\/\/ordemdazoeira.com.br\/index.php\/wp-json\/wp\/v2\/users\/3"}],"replies":[{"embeddable":true,"href":"https:\/\/ordemdazoeira.com.br\/index.php\/wp-json\/wp\/v2\/comments?post=3104"}],"version-history":[{"count":2,"href":"https:\/\/ordemdazoeira.com.br\/index.php\/wp-json\/wp\/v2\/posts\/3104\/revisions"}],"predecessor-version":[{"id":3114,"href":"https:\/\/ordemdazoeira.com.br\/index.php\/wp-json\/wp\/v2\/posts\/3104\/revisions\/3114"}],"wp:featuredmedia":[{"embeddable":true,"href":"https:\/\/ordemdazoeira.com.br\/index.php\/wp-json\/wp\/v2\/media\/3112"}],"wp:attachment":[{"href":"https:\/\/ordemdazoeira.com.br\/index.php\/wp-json\/wp\/v2\/media?parent=3104"}],"wp:term":[{"taxonomy":"category","embeddable":true,"href":"https:\/\/ordemdazoeira.com.br\/index.php\/wp-json\/wp\/v2\/categories?post=3104"},{"taxonomy":"post_tag","embeddable":true,"href":"https:\/\/ordemdazoeira.com.br\/index.php\/wp-json\/wp\/v2\/tags?post=3104"}],"curies":[{"name":"wp","href":"https:\/\/api.w.org\/{rel}","templated":true}]}}