{"id":3228,"date":"2023-03-10T07:06:53","date_gmt":"2023-03-10T10:06:53","guid":{"rendered":"https:\/\/ordemdazoeira.com.br\/?p=3228"},"modified":"2023-03-10T07:06:54","modified_gmt":"2023-03-10T10:06:54","slug":"nos-tempos-da-dercy-jovem","status":"publish","type":"post","link":"https:\/\/ordemdazoeira.com.br\/index.php\/2023\/03\/10\/nos-tempos-da-dercy-jovem\/","title":{"rendered":"Nos tempos da Dercy jovem"},"content":{"rendered":"\n<p class=\"has-medium-font-size\">Eis um review do filme feito pelo Henrique (<em>n\u00e3o achei o user dele<\/em>) que demonstra todo o esplendor de uma pel\u00edcula que j\u00e1 estaria fadada ao sucesso devido \u00e0 qualidade da ind\u00fastria cinematogr\u00e1fica atual.<\/p>\n\n\n<div class=\"wp-block-image\">\n<figure class=\"aligncenter size-large\"><img loading=\"lazy\" decoding=\"async\" width=\"1024\" height=\"449\" src=\"https:\/\/ordemdazoeira.com.br\/wp-content\/uploads\/2023\/03\/image-9-1024x449.png\" alt=\"\" class=\"wp-image-3233\" srcset=\"https:\/\/ordemdazoeira.com.br\/wp-content\/uploads\/2023\/03\/image-9-1024x449.png 1024w, https:\/\/ordemdazoeira.com.br\/wp-content\/uploads\/2023\/03\/image-9-300x132.png 300w, https:\/\/ordemdazoeira.com.br\/wp-content\/uploads\/2023\/03\/image-9-768x337.png 768w, https:\/\/ordemdazoeira.com.br\/wp-content\/uploads\/2023\/03\/image-9-1536x674.png 1536w, https:\/\/ordemdazoeira.com.br\/wp-content\/uploads\/2023\/03\/image-9-2048x899.png 2048w, https:\/\/ordemdazoeira.com.br\/wp-content\/uploads\/2023\/03\/image-9-1292x567.png 1292w, https:\/\/ordemdazoeira.com.br\/wp-content\/uploads\/2023\/03\/image-9-936x411.png 936w\" sizes=\"auto, (max-width: 1024px) 100vw, 1024px\" \/><\/figure>\n<\/div>\n\n\n<p class=\"has-medium-font-size\">Nessa quinta-feira fui para o cinema ver o filme do Luciano Huck gringo (<em>Adam Driver<\/em>). J\u00e1 no in\u00edcio, come\u00e7am mostrando um planeta alien\u00edgena apresentando nosso protagonista \u201c<em>humano<\/em>\u201d interagindo com a esposa e a filha, pesando sobre a consci\u00eancia dele o afastamento da fam\u00edlia por conta do trampo de Uber espacial, geralmente ele fica uns meses nessa. Dessa vez ser\u00e3o 2 anos de Uber espacial, pra pagar as conta de casa e assegurar o futuro da filha.<\/p>\n\n\n\n<p class=\"has-medium-font-size\"><br>Saindo da cena e ele j\u00e1 est\u00e1 no espa\u00e7o. N\u00e3o mostraram absolutamente nada da civiliza\u00e7\u00e3o deles, n\u00e3o teve despedida da fam\u00edlia, <strong>NADA<\/strong>. E j\u00e1 come\u00e7a com o Huckinho ingl\u00eas tirando um cochilo sozinho no Uber espacial, mergulhando com tudo num monte de preda, que simplesmente n\u00e3o sabemos de onde sa\u00edram, pra onde ele t\u00e1 indo, quem t\u00e1 na nave, <strong>NADA DE NOVO<\/strong>. S\u00f3 mostram uns takes de uns passageiros em sono criog\u00eanico e \u00e9 isso. Ele acorda com os trancos da nave, ele corre pra controlar a nave j\u00e1 no meio de um MONTE de aster\u00f3ides. Mal conseguindo controlar a nave &#8211; basicamente parece que ele fez \u00e9 mais merda que no autom\u00e1tico &#8211; e quando eu penso que vai ficar \u00e0 deriva no espa\u00e7o ele&#8230; simplesmente mergulha na atmosfera de um planeta. NO RANDOM ASSIM. Tudo fica preto e aparece o t\u00edtulo do filme:<\/p>\n\n\n\n<h2 class=\"has-medium-font-size wp-block-heading\">&#8220;65 Millions Years Ago, EARTH!&#8221;<\/h2>\n\n\n\n<p class=\"has-medium-font-size\">Acho que <strong>nem o pior epis\u00f3dio do Star Trek Discovery foi t\u00e3o ruim assim<\/strong>, pelo menos n\u00e3o uma hora e meia de gente chorando. Poderiam ter feito alguma introdu\u00e7\u00e3o, ter mostrado pilotando o Uber e vendo um sistema de planetas pr\u00f3ximo, sei l\u00e1. O cara cai no planeta com um device de m\u00e3o que mede um meteoro fora da atmosfera da Terra, e a FREAKING NAVE n\u00e3o conseguiu ver os aster\u00f3ides no espa\u00e7o. E o filme continua assim o tempo todo apelando pra nossa burrice de engolir solu\u00e7\u00f5es f\u00e1ceis pra tudo, colocando nossa aten\u00e7\u00e3o em algo sem motivo que justifique o tempo em tela.<\/p>\n\n\n<div class=\"wp-block-image\">\n<figure class=\"aligncenter size-large\"><img loading=\"lazy\" decoding=\"async\" width=\"1024\" height=\"576\" src=\"https:\/\/ordemdazoeira.com.br\/wp-content\/uploads\/2023\/03\/image-8-1024x576.png\" alt=\"\" class=\"wp-image-3230\" srcset=\"https:\/\/ordemdazoeira.com.br\/wp-content\/uploads\/2023\/03\/image-8-1024x576.png 1024w, https:\/\/ordemdazoeira.com.br\/wp-content\/uploads\/2023\/03\/image-8-300x169.png 300w, https:\/\/ordemdazoeira.com.br\/wp-content\/uploads\/2023\/03\/image-8-768x432.png 768w, https:\/\/ordemdazoeira.com.br\/wp-content\/uploads\/2023\/03\/image-8-936x527.png 936w, https:\/\/ordemdazoeira.com.br\/wp-content\/uploads\/2023\/03\/image-8.png 1200w\" sizes=\"auto, (max-width: 1024px) 100vw, 1024px\" \/><figcaption class=\"wp-element-caption\"><em>&#8220;Problemas. Vou atirar pra resolver.&#8221;<\/em> <em>&#8211; le wild solu\u00e7\u00e3o aparece ap\u00f3s descarregar a arma<\/em><\/figcaption><\/figure>\n<\/div>\n\n\n<p class=\"has-medium-font-size\"><br>N\u00e3o temos apego com o protagonista em nenhum momento, e a rela\u00e7\u00e3o da crian\u00e7a com ele \u00e9 superficial. E tudo no filme gera estranheza. Ruim na minha humilde opini\u00e3o, \u00e9 um <strong>4\/10 pelos dinossauros e cenas de espa\u00e7o<\/strong>.<\/p>\n\n\n<div class=\"wp-block-image\">\n<figure class=\"aligncenter size-large\"><img loading=\"lazy\" decoding=\"async\" width=\"1024\" height=\"503\" src=\"https:\/\/ordemdazoeira.com.br\/wp-content\/uploads\/2023\/03\/image-7-1024x503.png\" alt=\"\" class=\"wp-image-3229\" srcset=\"https:\/\/ordemdazoeira.com.br\/wp-content\/uploads\/2023\/03\/image-7-1024x503.png 1024w, https:\/\/ordemdazoeira.com.br\/wp-content\/uploads\/2023\/03\/image-7-300x147.png 300w, https:\/\/ordemdazoeira.com.br\/wp-content\/uploads\/2023\/03\/image-7-768x377.png 768w, https:\/\/ordemdazoeira.com.br\/wp-content\/uploads\/2023\/03\/image-7-1536x754.png 1536w, https:\/\/ordemdazoeira.com.br\/wp-content\/uploads\/2023\/03\/image-7-1292x634.png 1292w, https:\/\/ordemdazoeira.com.br\/wp-content\/uploads\/2023\/03\/image-7-936x460.png 936w, https:\/\/ordemdazoeira.com.br\/wp-content\/uploads\/2023\/03\/image-7.png 1629w\" sizes=\"auto, (max-width: 1024px) 100vw, 1024px\" \/><figcaption class=\"wp-element-caption\"><em>&#8220;Par\u00e3r\u00e3 p\u00e3 p\u00e3&#8230; par\u00e3r\u00e3 p\u00e3 p\u00e3&#8230;&#8221;<\/em> <em>&#8211; voc\u00eas sabem qual tema \u00e9&#8230;<\/em><\/figcaption><\/figure>\n<\/div>","protected":false},"excerpt":{"rendered":"<p>Eis um review do filme feito pelo Henrique (n\u00e3o achei o user dele) que demonstra todo o esplendor de uma&#8230;<\/p>\n","protected":false},"author":3,"featured_media":3231,"comment_status":"open","ping_status":"open","sticky":false,"template":"","format":"standard","meta":{"_monsterinsights_skip_tracking":false,"_monsterinsights_sitenote_active":false,"_monsterinsights_sitenote_note":"","_monsterinsights_sitenote_category":0,"footnotes":""},"categories":[52],"tags":[555,556],"class_list":["post-3228","post","type-post","status-publish","format-standard","has-post-thumbnail","hentry","category-odz-opiniao","tag-cinema","tag-dinossauros","wpcat-52-id"],"yoast_head":"<!-- This site is optimized with the Yoast SEO plugin v24.2 - https:\/\/yoast.com\/wordpress\/plugins\/seo\/ -->\n<title>Nos tempos da Dercy jovem - ODZ<\/title>\n<meta name=\"robots\" content=\"index, follow, max-snippet:-1, max-image-preview:large, max-video-preview:-1\" \/>\n<link rel=\"canonical\" href=\"https:\/\/ordemdazoeira.com.br\/index.php\/2023\/03\/10\/nos-tempos-da-dercy-jovem\/\" \/>\n<meta property=\"og:locale\" content=\"en_US\" \/>\n<meta property=\"og:type\" content=\"article\" \/>\n<meta property=\"og:title\" content=\"Nos tempos da Dercy jovem - ODZ\" \/>\n<meta property=\"og:description\" content=\"Eis um review do filme feito pelo Henrique (n\u00e3o achei o user dele) que demonstra todo o esplendor de uma...\" \/>\n<meta property=\"og:url\" content=\"https:\/\/ordemdazoeira.com.br\/index.php\/2023\/03\/10\/nos-tempos-da-dercy-jovem\/\" \/>\n<meta property=\"og:site_name\" content=\"ODZ\" \/>\n<meta property=\"article:published_time\" content=\"2023-03-10T10:06:53+00:00\" \/>\n<meta property=\"article:modified_time\" content=\"2023-03-10T10:06:54+00:00\" \/>\n<meta property=\"og:image\" content=\"https:\/\/ordemdazoeira.com.br\/wp-content\/uploads\/2023\/03\/photo_2023-03-10_02-37-18.jpg\" \/>\n\t<meta property=\"og:image:width\" content=\"1080\" \/>\n\t<meta property=\"og:image:height\" content=\"720\" \/>\n\t<meta property=\"og:image:type\" content=\"image\/jpeg\" \/>\n<meta name=\"author\" content=\"Eric Mac Fadden\" \/>\n<meta name=\"twitter:card\" content=\"summary_large_image\" \/>\n<meta name=\"twitter:label1\" content=\"Written by\" \/>\n\t<meta name=\"twitter:data1\" content=\"Eric Mac Fadden\" \/>\n\t<meta name=\"twitter:label2\" content=\"Est. reading time\" \/>\n\t<meta name=\"twitter:data2\" content=\"3 minutes\" \/>\n<script type=\"application\/ld+json\" class=\"yoast-schema-graph\">{\"@context\":\"https:\/\/schema.org\",\"@graph\":[{\"@type\":\"WebPage\",\"@id\":\"https:\/\/ordemdazoeira.com.br\/index.php\/2023\/03\/10\/nos-tempos-da-dercy-jovem\/\",\"url\":\"https:\/\/ordemdazoeira.com.br\/index.php\/2023\/03\/10\/nos-tempos-da-dercy-jovem\/\",\"name\":\"Nos tempos da Dercy jovem - ODZ\",\"isPartOf\":{\"@id\":\"https:\/\/ordemdazoeira.com.br\/#website\"},\"primaryImageOfPage\":{\"@id\":\"https:\/\/ordemdazoeira.com.br\/index.php\/2023\/03\/10\/nos-tempos-da-dercy-jovem\/#primaryimage\"},\"image\":{\"@id\":\"https:\/\/ordemdazoeira.com.br\/index.php\/2023\/03\/10\/nos-tempos-da-dercy-jovem\/#primaryimage\"},\"thumbnailUrl\":\"https:\/\/ordemdazoeira.com.br\/wp-content\/uploads\/2023\/03\/photo_2023-03-10_02-37-18.jpg\",\"datePublished\":\"2023-03-10T10:06:53+00:00\",\"dateModified\":\"2023-03-10T10:06:54+00:00\",\"author\":{\"@id\":\"https:\/\/ordemdazoeira.com.br\/#\/schema\/person\/2307badcd996505366bf8ae557805ffc\"},\"breadcrumb\":{\"@id\":\"https:\/\/ordemdazoeira.com.br\/index.php\/2023\/03\/10\/nos-tempos-da-dercy-jovem\/#breadcrumb\"},\"inLanguage\":\"en-US\",\"potentialAction\":[{\"@type\":\"ReadAction\",\"target\":[\"https:\/\/ordemdazoeira.com.br\/index.php\/2023\/03\/10\/nos-tempos-da-dercy-jovem\/\"]}]},{\"@type\":\"ImageObject\",\"inLanguage\":\"en-US\",\"@id\":\"https:\/\/ordemdazoeira.com.br\/index.php\/2023\/03\/10\/nos-tempos-da-dercy-jovem\/#primaryimage\",\"url\":\"https:\/\/ordemdazoeira.com.br\/wp-content\/uploads\/2023\/03\/photo_2023-03-10_02-37-18.jpg\",\"contentUrl\":\"https:\/\/ordemdazoeira.com.br\/wp-content\/uploads\/2023\/03\/photo_2023-03-10_02-37-18.jpg\",\"width\":1080,\"height\":720},{\"@type\":\"BreadcrumbList\",\"@id\":\"https:\/\/ordemdazoeira.com.br\/index.php\/2023\/03\/10\/nos-tempos-da-dercy-jovem\/#breadcrumb\",\"itemListElement\":[{\"@type\":\"ListItem\",\"position\":1,\"name\":\"Home\",\"item\":\"https:\/\/ordemdazoeira.com.br\/\"},{\"@type\":\"ListItem\",\"position\":2,\"name\":\"Nos tempos da Dercy jovem\"}]},{\"@type\":\"WebSite\",\"@id\":\"https:\/\/ordemdazoeira.com.br\/#website\",\"url\":\"https:\/\/ordemdazoeira.com.br\/\",\"name\":\"ODZ\",\"description\":\"\",\"potentialAction\":[{\"@type\":\"SearchAction\",\"target\":{\"@type\":\"EntryPoint\",\"urlTemplate\":\"https:\/\/ordemdazoeira.com.br\/?s={search_term_string}\"},\"query-input\":{\"@type\":\"PropertyValueSpecification\",\"valueRequired\":true,\"valueName\":\"search_term_string\"}}],\"inLanguage\":\"en-US\"},{\"@type\":\"Person\",\"@id\":\"https:\/\/ordemdazoeira.com.br\/#\/schema\/person\/2307badcd996505366bf8ae557805ffc\",\"name\":\"Eric Mac Fadden\",\"image\":{\"@type\":\"ImageObject\",\"inLanguage\":\"en-US\",\"@id\":\"https:\/\/ordemdazoeira.com.br\/#\/schema\/person\/image\/\",\"url\":\"https:\/\/secure.gravatar.com\/avatar\/7cd8f4b0b9c141fb501b64e6824599d38d5b0fcccb8c1bbc2fa728576057f990?s=96&d=mm&r=g\",\"contentUrl\":\"https:\/\/secure.gravatar.com\/avatar\/7cd8f4b0b9c141fb501b64e6824599d38d5b0fcccb8c1bbc2fa728576057f990?s=96&d=mm&r=g\",\"caption\":\"Eric Mac Fadden\"},\"url\":\"https:\/\/ordemdazoeira.com.br\/index.php\/author\/eric-mac-fadden\/\"}]}<\/script>\n<!-- \/ Yoast SEO plugin. -->","yoast_head_json":{"title":"Nos tempos da Dercy jovem - ODZ","robots":{"index":"index","follow":"follow","max-snippet":"max-snippet:-1","max-image-preview":"max-image-preview:large","max-video-preview":"max-video-preview:-1"},"canonical":"https:\/\/ordemdazoeira.com.br\/index.php\/2023\/03\/10\/nos-tempos-da-dercy-jovem\/","og_locale":"en_US","og_type":"article","og_title":"Nos tempos da Dercy jovem - ODZ","og_description":"Eis um review do filme feito pelo Henrique (n\u00e3o achei o user dele) que demonstra todo o esplendor de uma...","og_url":"https:\/\/ordemdazoeira.com.br\/index.php\/2023\/03\/10\/nos-tempos-da-dercy-jovem\/","og_site_name":"ODZ","article_published_time":"2023-03-10T10:06:53+00:00","article_modified_time":"2023-03-10T10:06:54+00:00","og_image":[{"width":1080,"height":720,"url":"https:\/\/ordemdazoeira.com.br\/wp-content\/uploads\/2023\/03\/photo_2023-03-10_02-37-18.jpg","type":"image\/jpeg"}],"author":"Eric Mac Fadden","twitter_card":"summary_large_image","twitter_misc":{"Written by":"Eric Mac Fadden","Est. reading time":"3 minutes"},"schema":{"@context":"https:\/\/schema.org","@graph":[{"@type":"WebPage","@id":"https:\/\/ordemdazoeira.com.br\/index.php\/2023\/03\/10\/nos-tempos-da-dercy-jovem\/","url":"https:\/\/ordemdazoeira.com.br\/index.php\/2023\/03\/10\/nos-tempos-da-dercy-jovem\/","name":"Nos tempos da Dercy jovem - ODZ","isPartOf":{"@id":"https:\/\/ordemdazoeira.com.br\/#website"},"primaryImageOfPage":{"@id":"https:\/\/ordemdazoeira.com.br\/index.php\/2023\/03\/10\/nos-tempos-da-dercy-jovem\/#primaryimage"},"image":{"@id":"https:\/\/ordemdazoeira.com.br\/index.php\/2023\/03\/10\/nos-tempos-da-dercy-jovem\/#primaryimage"},"thumbnailUrl":"https:\/\/ordemdazoeira.com.br\/wp-content\/uploads\/2023\/03\/photo_2023-03-10_02-37-18.jpg","datePublished":"2023-03-10T10:06:53+00:00","dateModified":"2023-03-10T10:06:54+00:00","author":{"@id":"https:\/\/ordemdazoeira.com.br\/#\/schema\/person\/2307badcd996505366bf8ae557805ffc"},"breadcrumb":{"@id":"https:\/\/ordemdazoeira.com.br\/index.php\/2023\/03\/10\/nos-tempos-da-dercy-jovem\/#breadcrumb"},"inLanguage":"en-US","potentialAction":[{"@type":"ReadAction","target":["https:\/\/ordemdazoeira.com.br\/index.php\/2023\/03\/10\/nos-tempos-da-dercy-jovem\/"]}]},{"@type":"ImageObject","inLanguage":"en-US","@id":"https:\/\/ordemdazoeira.com.br\/index.php\/2023\/03\/10\/nos-tempos-da-dercy-jovem\/#primaryimage","url":"https:\/\/ordemdazoeira.com.br\/wp-content\/uploads\/2023\/03\/photo_2023-03-10_02-37-18.jpg","contentUrl":"https:\/\/ordemdazoeira.com.br\/wp-content\/uploads\/2023\/03\/photo_2023-03-10_02-37-18.jpg","width":1080,"height":720},{"@type":"BreadcrumbList","@id":"https:\/\/ordemdazoeira.com.br\/index.php\/2023\/03\/10\/nos-tempos-da-dercy-jovem\/#breadcrumb","itemListElement":[{"@type":"ListItem","position":1,"name":"Home","item":"https:\/\/ordemdazoeira.com.br\/"},{"@type":"ListItem","position":2,"name":"Nos tempos da Dercy jovem"}]},{"@type":"WebSite","@id":"https:\/\/ordemdazoeira.com.br\/#website","url":"https:\/\/ordemdazoeira.com.br\/","name":"ODZ","description":"","potentialAction":[{"@type":"SearchAction","target":{"@type":"EntryPoint","urlTemplate":"https:\/\/ordemdazoeira.com.br\/?s={search_term_string}"},"query-input":{"@type":"PropertyValueSpecification","valueRequired":true,"valueName":"search_term_string"}}],"inLanguage":"en-US"},{"@type":"Person","@id":"https:\/\/ordemdazoeira.com.br\/#\/schema\/person\/2307badcd996505366bf8ae557805ffc","name":"Eric Mac Fadden","image":{"@type":"ImageObject","inLanguage":"en-US","@id":"https:\/\/ordemdazoeira.com.br\/#\/schema\/person\/image\/","url":"https:\/\/secure.gravatar.com\/avatar\/7cd8f4b0b9c141fb501b64e6824599d38d5b0fcccb8c1bbc2fa728576057f990?s=96&d=mm&r=g","contentUrl":"https:\/\/secure.gravatar.com\/avatar\/7cd8f4b0b9c141fb501b64e6824599d38d5b0fcccb8c1bbc2fa728576057f990?s=96&d=mm&r=g","caption":"Eric Mac Fadden"},"url":"https:\/\/ordemdazoeira.com.br\/index.php\/author\/eric-mac-fadden\/"}]}},"_links":{"self":[{"href":"https:\/\/ordemdazoeira.com.br\/index.php\/wp-json\/wp\/v2\/posts\/3228","targetHints":{"allow":["GET"]}}],"collection":[{"href":"https:\/\/ordemdazoeira.com.br\/index.php\/wp-json\/wp\/v2\/posts"}],"about":[{"href":"https:\/\/ordemdazoeira.com.br\/index.php\/wp-json\/wp\/v2\/types\/post"}],"author":[{"embeddable":true,"href":"https:\/\/ordemdazoeira.com.br\/index.php\/wp-json\/wp\/v2\/users\/3"}],"replies":[{"embeddable":true,"href":"https:\/\/ordemdazoeira.com.br\/index.php\/wp-json\/wp\/v2\/comments?post=3228"}],"version-history":[{"count":3,"href":"https:\/\/ordemdazoeira.com.br\/index.php\/wp-json\/wp\/v2\/posts\/3228\/revisions"}],"predecessor-version":[{"id":3235,"href":"https:\/\/ordemdazoeira.com.br\/index.php\/wp-json\/wp\/v2\/posts\/3228\/revisions\/3235"}],"wp:featuredmedia":[{"embeddable":true,"href":"https:\/\/ordemdazoeira.com.br\/index.php\/wp-json\/wp\/v2\/media\/3231"}],"wp:attachment":[{"href":"https:\/\/ordemdazoeira.com.br\/index.php\/wp-json\/wp\/v2\/media?parent=3228"}],"wp:term":[{"taxonomy":"category","embeddable":true,"href":"https:\/\/ordemdazoeira.com.br\/index.php\/wp-json\/wp\/v2\/categories?post=3228"},{"taxonomy":"post_tag","embeddable":true,"href":"https:\/\/ordemdazoeira.com.br\/index.php\/wp-json\/wp\/v2\/tags?post=3228"}],"curies":[{"name":"wp","href":"https:\/\/api.w.org\/{rel}","templated":true}]}}