{"id":3241,"date":"2023-03-14T07:57:55","date_gmt":"2023-03-14T10:57:55","guid":{"rendered":"https:\/\/ordemdazoeira.com.br\/?p=3241"},"modified":"2023-03-14T07:57:55","modified_gmt":"2023-03-14T10:57:55","slug":"chalacas","status":"publish","type":"post","link":"https:\/\/ordemdazoeira.com.br\/index.php\/2023\/03\/14\/chalacas\/","title":{"rendered":"Chala\u00e7as"},"content":{"rendered":"\n<p class=\"has-medium-font-size\">Toda boa piada, daquelas que te fazem rir at\u00e9 a barriga doer, \u00e9 suja. O humor est\u00e1 sendo lavado com cloro e logo se tornar\u00e1 transl\u00facido e sem cor. Sou um adepto de piadas sujas, pesadas e preconceituosas e tenho um motivo: <strong>fazer pensar<\/strong>.<\/p>\n\n\n\n<p class=\"has-medium-font-size\">Uma anedota de cunho racista certamente \u00e9 ofensiva para a maioria, principalmente se estereotipa uma etnia com alguma caracter\u00edstica simpl\u00f3ria. O que os simpl\u00f3rios podem pensar \u00e9 em seguir a piada como <em>motto <\/em>de sua vida, o que \u00e9 bizarro. Por\u00e9m os que possuem no\u00e7\u00e3o das sutilezas sabem que imbu\u00eddo no chiste pode haver at\u00e9 mesmo algum tipo de cr\u00edtica real, como se <strong>para demonstrar a pequenez da exist\u00eancia humana<\/strong>.<\/p>\n\n\n\n<figure class=\"wp-block-embed aligncenter is-type-video is-provider-youtube wp-block-embed-youtube wp-embed-aspect-16-9 wp-has-aspect-ratio\"><div class=\"wp-block-embed__wrapper\">\n<iframe loading=\"lazy\" title=\"I&#039;m Not White\" width=\"500\" height=\"281\" src=\"https:\/\/www.youtube.com\/embed\/R1p_523SEO8?feature=oembed\" frameborder=\"0\" allow=\"accelerometer; autoplay; clipboard-write; encrypted-media; gyroscope; picture-in-picture; web-share\" referrerpolicy=\"strict-origin-when-cross-origin\" allowfullscreen><\/iframe>\n<\/div><figcaption class=\"wp-element-caption\"><em>Impens\u00e1vel hoje em dia, mas analisem o por qu\u00ea da pilh\u00e9ria<\/em>. <em>Ali\u00e1s, Richar Pryor era sujo como corrim\u00e3o de rodovi\u00e1ria em suas fac\u00e9cias&#8230;.<\/em><\/figcaption><\/figure>\n\n\n\n<h2 class=\"wp-block-heading\">Capacitismo<\/h2>\n\n\n\n<p class=\"has-medium-font-size\">Ahhh&#8230; o termo favorito dos justiceiros sociais at\u00e9 semana que vem quando reclamarem que uma mulher branca pediu algo pra um gar\u00e7om que estava mais pr\u00f3ximo e o mesmo t\u00ea-la atendido antes da transl\u00e9sbicatrans furry que estava ruminando em seu coxo no fundo do restaurante pensando em sua pr\u00f3xima salada que concorda com a Greta Thunberg&#8230; <\/p>\n\n\n\n<p class=\"has-medium-font-size\">Agora ningu\u00e9m poder\u00e1 falar nada sobre Roberto Carlos ter pego cupim ou em que p\u00e9 anda Lars Grael que ir\u00e3o tacar um Minist\u00e9rio P\u00fablico para proteger &#8220;<em>os pobres coitados desgra\u00e7ados que s\u00f3 servem como peso pra papel pro jornal n\u00e3o voar nas banquinhas ou como mat\u00e9ria-prima pra sab\u00e3o<\/em>&#8220;. Aposto que quem critica a atitude n\u00e3o est\u00e1 numa cadeira de rodas, ou acaso positivo (<em>principalmente soropositivo<\/em>) se fazem de v\u00edtimas demais ao ponto de nem desejarem lutar pra terem uma vida melhor, apenas choram (<em>n\u00e3o os deficientes de canais lacrimais, estes, me desculpem<\/em>).<\/p>\n\n\n\n<figure class=\"wp-block-embed aligncenter is-type-video is-provider-youtube wp-block-embed-youtube wp-embed-aspect-16-9 wp-has-aspect-ratio\"><div class=\"wp-block-embed__wrapper\">\n<iframe loading=\"lazy\" title=\"MY GUEST \ud83d\udc67\ud83c\udffb - Ricky Berwick\" width=\"500\" height=\"281\" src=\"https:\/\/www.youtube.com\/embed\/rtImOHm8CHI?feature=oembed\" frameborder=\"0\" allow=\"accelerometer; autoplay; clipboard-write; encrypted-media; gyroscope; picture-in-picture; web-share\" referrerpolicy=\"strict-origin-when-cross-origin\" allowfullscreen><\/iframe>\n<\/div><figcaption class=\"wp-element-caption\"><em>Ricky \u00e9 um escroto. Adoro o Ricky.<\/em><\/figcaption><\/figure>\n\n\n\n<p class=\"has-medium-font-size\">Principalmente pelo fato de muitos j\u00e1 terem nascidos com alguma defici\u00eancia, tirar sarro do pr\u00f3prio problema &#8211; <em>se \u00e9 que acabam considerando o que t\u00eam um problema<\/em> &#8211; \u00e9 uma sa\u00edda muito popular para aliviar o peso de sua natureza, e por muitas vezes se encaixam na sociedade dessa maneira como seu superpoder de ser engra\u00e7ado para atrair pessoas e assim, mesmo promovendo o esc\u00e1rnio de sua condi\u00e7\u00e3o, as pessoas se afei\u00e7oam. Empatia for\u00e7osa, <strong>mas que abre os olhos<\/strong>.<\/p>\n\n\n\n<p class=\"has-medium-font-size\">Entendo que principalmente os que sentem dores f\u00edsicas por causa disso n\u00e3o conseguiriam achar gra\u00e7a no assunto, mas s\u00e3o uma minoria e voc\u00eas sabem o que acontecem com minorias em uma sociedade caucasiana moderna: <strong>elas vencem com advogados<\/strong>. J\u00e1 as dores mentais vem de cada um e sinceramente o problema para lidar com isso \u00e9 de seus psiquiatras ou do ascensorista do arranha-c\u00e9u de onde querem pular toda semana mas n\u00e3o conseguem ter coragem e voltam pra casa pra se entupir de rolinhos de chocolate Pan e guaran\u00e1 Jesus.<\/p>\n\n\n\n<h2 class=\"wp-block-heading\">Sujo<\/h2>\n\n\n\n<p class=\"has-medium-font-size\">Por isso em uma escolha pessoal, prefiro humor imundo e cheio de pilh\u00e9rias proibidas, pois se n\u00e3o d\u00e1 pra chamar a aten\u00e7\u00e3o do mundo e se tornar parte da sociedade por vias normais, que suas &#8220;<em>v\u00edtimas<\/em>&#8221; sejam as pessoas que mais me arranquem risadas at\u00e9 lacrimejar (<em>novamente desculpem os deficientes de canais lacrimais, j\u00e1 que seu choro \u00e9 menos percept\u00edvel<\/em>) e se tornem para muitos, her\u00f3is que simplesmente atropelaram e mandaram pra UTI seus problemas.<\/p>\n\n\n\n<p class=\"has-medium-font-size\">E voc\u00eas conhecem aquela piada onde um judeu, um negro, um travesti e um papagaio que entram num bar e&#8230;<\/p>\n\n\n\n<p class=\"has-medium-font-size\"><strong>DUVIDO<\/strong> que suas mentes n\u00e3o voaram longe apenas com essa frase, alguns at\u00e9 riram.<\/p>\n","protected":false},"excerpt":{"rendered":"<p>Toda boa piada, daquelas que te fazem rir at\u00e9 a barriga doer, \u00e9 suja. O humor est\u00e1 sendo lavado com&#8230;<\/p>\n","protected":false},"author":3,"featured_media":3242,"comment_status":"open","ping_status":"open","sticky":false,"template":"","format":"standard","meta":{"_monsterinsights_skip_tracking":false,"_monsterinsights_sitenote_active":false,"_monsterinsights_sitenote_note":"","_monsterinsights_sitenote_category":0,"footnotes":""},"categories":[52],"tags":[558,557],"class_list":["post-3241","post","type-post","status-publish","format-standard","has-post-thumbnail","hentry","category-odz-opiniao","tag-chacota","tag-piada","wpcat-52-id"],"yoast_head":"<!-- This site is optimized with the Yoast SEO plugin v24.2 - https:\/\/yoast.com\/wordpress\/plugins\/seo\/ -->\n<title>Chala\u00e7as - ODZ<\/title>\n<meta name=\"robots\" content=\"index, follow, max-snippet:-1, max-image-preview:large, max-video-preview:-1\" \/>\n<link rel=\"canonical\" href=\"https:\/\/ordemdazoeira.com.br\/index.php\/2023\/03\/14\/chalacas\/\" \/>\n<meta property=\"og:locale\" content=\"en_US\" \/>\n<meta property=\"og:type\" content=\"article\" \/>\n<meta property=\"og:title\" content=\"Chala\u00e7as - ODZ\" \/>\n<meta property=\"og:description\" content=\"Toda boa piada, daquelas que te fazem rir at\u00e9 a barriga doer, \u00e9 suja. O humor est\u00e1 sendo lavado com...\" \/>\n<meta property=\"og:url\" content=\"https:\/\/ordemdazoeira.com.br\/index.php\/2023\/03\/14\/chalacas\/\" \/>\n<meta property=\"og:site_name\" content=\"ODZ\" \/>\n<meta property=\"article:published_time\" content=\"2023-03-14T10:57:55+00:00\" \/>\n<meta property=\"og:image\" content=\"https:\/\/ordemdazoeira.com.br\/wp-content\/uploads\/2023\/03\/fgdgfxc-scaled.jpg\" \/>\n\t<meta property=\"og:image:width\" content=\"2079\" \/>\n\t<meta property=\"og:image:height\" content=\"2560\" \/>\n\t<meta property=\"og:image:type\" content=\"image\/jpeg\" \/>\n<meta name=\"author\" content=\"Eric Mac Fadden\" \/>\n<meta name=\"twitter:card\" content=\"summary_large_image\" \/>\n<meta name=\"twitter:label1\" content=\"Written by\" \/>\n\t<meta name=\"twitter:data1\" content=\"Eric Mac Fadden\" \/>\n\t<meta name=\"twitter:label2\" content=\"Est. reading time\" \/>\n\t<meta name=\"twitter:data2\" content=\"3 minutes\" \/>\n<script type=\"application\/ld+json\" class=\"yoast-schema-graph\">{\"@context\":\"https:\/\/schema.org\",\"@graph\":[{\"@type\":\"WebPage\",\"@id\":\"https:\/\/ordemdazoeira.com.br\/index.php\/2023\/03\/14\/chalacas\/\",\"url\":\"https:\/\/ordemdazoeira.com.br\/index.php\/2023\/03\/14\/chalacas\/\",\"name\":\"Chala\u00e7as - ODZ\",\"isPartOf\":{\"@id\":\"https:\/\/ordemdazoeira.com.br\/#website\"},\"primaryImageOfPage\":{\"@id\":\"https:\/\/ordemdazoeira.com.br\/index.php\/2023\/03\/14\/chalacas\/#primaryimage\"},\"image\":{\"@id\":\"https:\/\/ordemdazoeira.com.br\/index.php\/2023\/03\/14\/chalacas\/#primaryimage\"},\"thumbnailUrl\":\"https:\/\/ordemdazoeira.com.br\/wp-content\/uploads\/2023\/03\/fgdgfxc-scaled.jpg\",\"datePublished\":\"2023-03-14T10:57:55+00:00\",\"dateModified\":\"2023-03-14T10:57:55+00:00\",\"author\":{\"@id\":\"https:\/\/ordemdazoeira.com.br\/#\/schema\/person\/2307badcd996505366bf8ae557805ffc\"},\"breadcrumb\":{\"@id\":\"https:\/\/ordemdazoeira.com.br\/index.php\/2023\/03\/14\/chalacas\/#breadcrumb\"},\"inLanguage\":\"en-US\",\"potentialAction\":[{\"@type\":\"ReadAction\",\"target\":[\"https:\/\/ordemdazoeira.com.br\/index.php\/2023\/03\/14\/chalacas\/\"]}]},{\"@type\":\"ImageObject\",\"inLanguage\":\"en-US\",\"@id\":\"https:\/\/ordemdazoeira.com.br\/index.php\/2023\/03\/14\/chalacas\/#primaryimage\",\"url\":\"https:\/\/ordemdazoeira.com.br\/wp-content\/uploads\/2023\/03\/fgdgfxc-scaled.jpg\",\"contentUrl\":\"https:\/\/ordemdazoeira.com.br\/wp-content\/uploads\/2023\/03\/fgdgfxc-scaled.jpg\",\"width\":2079,\"height\":2560},{\"@type\":\"BreadcrumbList\",\"@id\":\"https:\/\/ordemdazoeira.com.br\/index.php\/2023\/03\/14\/chalacas\/#breadcrumb\",\"itemListElement\":[{\"@type\":\"ListItem\",\"position\":1,\"name\":\"Home\",\"item\":\"https:\/\/ordemdazoeira.com.br\/\"},{\"@type\":\"ListItem\",\"position\":2,\"name\":\"Chala\u00e7as\"}]},{\"@type\":\"WebSite\",\"@id\":\"https:\/\/ordemdazoeira.com.br\/#website\",\"url\":\"https:\/\/ordemdazoeira.com.br\/\",\"name\":\"ODZ\",\"description\":\"\",\"potentialAction\":[{\"@type\":\"SearchAction\",\"target\":{\"@type\":\"EntryPoint\",\"urlTemplate\":\"https:\/\/ordemdazoeira.com.br\/?s={search_term_string}\"},\"query-input\":{\"@type\":\"PropertyValueSpecification\",\"valueRequired\":true,\"valueName\":\"search_term_string\"}}],\"inLanguage\":\"en-US\"},{\"@type\":\"Person\",\"@id\":\"https:\/\/ordemdazoeira.com.br\/#\/schema\/person\/2307badcd996505366bf8ae557805ffc\",\"name\":\"Eric Mac Fadden\",\"image\":{\"@type\":\"ImageObject\",\"inLanguage\":\"en-US\",\"@id\":\"https:\/\/ordemdazoeira.com.br\/#\/schema\/person\/image\/\",\"url\":\"https:\/\/secure.gravatar.com\/avatar\/7cd8f4b0b9c141fb501b64e6824599d38d5b0fcccb8c1bbc2fa728576057f990?s=96&d=mm&r=g\",\"contentUrl\":\"https:\/\/secure.gravatar.com\/avatar\/7cd8f4b0b9c141fb501b64e6824599d38d5b0fcccb8c1bbc2fa728576057f990?s=96&d=mm&r=g\",\"caption\":\"Eric Mac Fadden\"},\"url\":\"https:\/\/ordemdazoeira.com.br\/index.php\/author\/eric-mac-fadden\/\"}]}<\/script>\n<!-- \/ Yoast SEO plugin. -->","yoast_head_json":{"title":"Chala\u00e7as - ODZ","robots":{"index":"index","follow":"follow","max-snippet":"max-snippet:-1","max-image-preview":"max-image-preview:large","max-video-preview":"max-video-preview:-1"},"canonical":"https:\/\/ordemdazoeira.com.br\/index.php\/2023\/03\/14\/chalacas\/","og_locale":"en_US","og_type":"article","og_title":"Chala\u00e7as - ODZ","og_description":"Toda boa piada, daquelas que te fazem rir at\u00e9 a barriga doer, \u00e9 suja. O humor est\u00e1 sendo lavado com...","og_url":"https:\/\/ordemdazoeira.com.br\/index.php\/2023\/03\/14\/chalacas\/","og_site_name":"ODZ","article_published_time":"2023-03-14T10:57:55+00:00","og_image":[{"width":2079,"height":2560,"url":"https:\/\/ordemdazoeira.com.br\/wp-content\/uploads\/2023\/03\/fgdgfxc-scaled.jpg","type":"image\/jpeg"}],"author":"Eric Mac Fadden","twitter_card":"summary_large_image","twitter_misc":{"Written by":"Eric Mac Fadden","Est. reading time":"3 minutes"},"schema":{"@context":"https:\/\/schema.org","@graph":[{"@type":"WebPage","@id":"https:\/\/ordemdazoeira.com.br\/index.php\/2023\/03\/14\/chalacas\/","url":"https:\/\/ordemdazoeira.com.br\/index.php\/2023\/03\/14\/chalacas\/","name":"Chala\u00e7as - ODZ","isPartOf":{"@id":"https:\/\/ordemdazoeira.com.br\/#website"},"primaryImageOfPage":{"@id":"https:\/\/ordemdazoeira.com.br\/index.php\/2023\/03\/14\/chalacas\/#primaryimage"},"image":{"@id":"https:\/\/ordemdazoeira.com.br\/index.php\/2023\/03\/14\/chalacas\/#primaryimage"},"thumbnailUrl":"https:\/\/ordemdazoeira.com.br\/wp-content\/uploads\/2023\/03\/fgdgfxc-scaled.jpg","datePublished":"2023-03-14T10:57:55+00:00","dateModified":"2023-03-14T10:57:55+00:00","author":{"@id":"https:\/\/ordemdazoeira.com.br\/#\/schema\/person\/2307badcd996505366bf8ae557805ffc"},"breadcrumb":{"@id":"https:\/\/ordemdazoeira.com.br\/index.php\/2023\/03\/14\/chalacas\/#breadcrumb"},"inLanguage":"en-US","potentialAction":[{"@type":"ReadAction","target":["https:\/\/ordemdazoeira.com.br\/index.php\/2023\/03\/14\/chalacas\/"]}]},{"@type":"ImageObject","inLanguage":"en-US","@id":"https:\/\/ordemdazoeira.com.br\/index.php\/2023\/03\/14\/chalacas\/#primaryimage","url":"https:\/\/ordemdazoeira.com.br\/wp-content\/uploads\/2023\/03\/fgdgfxc-scaled.jpg","contentUrl":"https:\/\/ordemdazoeira.com.br\/wp-content\/uploads\/2023\/03\/fgdgfxc-scaled.jpg","width":2079,"height":2560},{"@type":"BreadcrumbList","@id":"https:\/\/ordemdazoeira.com.br\/index.php\/2023\/03\/14\/chalacas\/#breadcrumb","itemListElement":[{"@type":"ListItem","position":1,"name":"Home","item":"https:\/\/ordemdazoeira.com.br\/"},{"@type":"ListItem","position":2,"name":"Chala\u00e7as"}]},{"@type":"WebSite","@id":"https:\/\/ordemdazoeira.com.br\/#website","url":"https:\/\/ordemdazoeira.com.br\/","name":"ODZ","description":"","potentialAction":[{"@type":"SearchAction","target":{"@type":"EntryPoint","urlTemplate":"https:\/\/ordemdazoeira.com.br\/?s={search_term_string}"},"query-input":{"@type":"PropertyValueSpecification","valueRequired":true,"valueName":"search_term_string"}}],"inLanguage":"en-US"},{"@type":"Person","@id":"https:\/\/ordemdazoeira.com.br\/#\/schema\/person\/2307badcd996505366bf8ae557805ffc","name":"Eric Mac Fadden","image":{"@type":"ImageObject","inLanguage":"en-US","@id":"https:\/\/ordemdazoeira.com.br\/#\/schema\/person\/image\/","url":"https:\/\/secure.gravatar.com\/avatar\/7cd8f4b0b9c141fb501b64e6824599d38d5b0fcccb8c1bbc2fa728576057f990?s=96&d=mm&r=g","contentUrl":"https:\/\/secure.gravatar.com\/avatar\/7cd8f4b0b9c141fb501b64e6824599d38d5b0fcccb8c1bbc2fa728576057f990?s=96&d=mm&r=g","caption":"Eric Mac Fadden"},"url":"https:\/\/ordemdazoeira.com.br\/index.php\/author\/eric-mac-fadden\/"}]}},"_links":{"self":[{"href":"https:\/\/ordemdazoeira.com.br\/index.php\/wp-json\/wp\/v2\/posts\/3241","targetHints":{"allow":["GET"]}}],"collection":[{"href":"https:\/\/ordemdazoeira.com.br\/index.php\/wp-json\/wp\/v2\/posts"}],"about":[{"href":"https:\/\/ordemdazoeira.com.br\/index.php\/wp-json\/wp\/v2\/types\/post"}],"author":[{"embeddable":true,"href":"https:\/\/ordemdazoeira.com.br\/index.php\/wp-json\/wp\/v2\/users\/3"}],"replies":[{"embeddable":true,"href":"https:\/\/ordemdazoeira.com.br\/index.php\/wp-json\/wp\/v2\/comments?post=3241"}],"version-history":[{"count":1,"href":"https:\/\/ordemdazoeira.com.br\/index.php\/wp-json\/wp\/v2\/posts\/3241\/revisions"}],"predecessor-version":[{"id":3244,"href":"https:\/\/ordemdazoeira.com.br\/index.php\/wp-json\/wp\/v2\/posts\/3241\/revisions\/3244"}],"wp:featuredmedia":[{"embeddable":true,"href":"https:\/\/ordemdazoeira.com.br\/index.php\/wp-json\/wp\/v2\/media\/3242"}],"wp:attachment":[{"href":"https:\/\/ordemdazoeira.com.br\/index.php\/wp-json\/wp\/v2\/media?parent=3241"}],"wp:term":[{"taxonomy":"category","embeddable":true,"href":"https:\/\/ordemdazoeira.com.br\/index.php\/wp-json\/wp\/v2\/categories?post=3241"},{"taxonomy":"post_tag","embeddable":true,"href":"https:\/\/ordemdazoeira.com.br\/index.php\/wp-json\/wp\/v2\/tags?post=3241"}],"curies":[{"name":"wp","href":"https:\/\/api.w.org\/{rel}","templated":true}]}}