{"id":5112,"date":"2025-01-16T06:56:38","date_gmt":"2025-01-16T09:56:38","guid":{"rendered":"https:\/\/ordemdazoeira.com.br\/?p=5112"},"modified":"2025-01-16T06:56:39","modified_gmt":"2025-01-16T09:56:39","slug":"alface-do-diabo","status":"publish","type":"post","link":"https:\/\/ordemdazoeira.com.br\/index.php\/2025\/01\/16\/alface-do-diabo\/","title":{"rendered":"Alface do diabo"},"content":{"rendered":"\n<p class=\"has-medium-font-size\">O diabo foi pra Jamaica e disse que de l\u00e1 n\u00e3o sai porque&#8230; porque&#8230; sei l\u00e1, nem lembro mais nada mesmo. Fome. Acho que vou ali comer um salgado com gelatina de lim\u00e3o pra aplacar essa vontade que sei l\u00e1, n\u00e3o \u00e9 bem fome&#8230; s\u00f3\u00f3\u00f3\u00f3&#8230;<\/p>\n\n\n\n<figure class=\"wp-block-embed aligncenter is-type-video is-provider-youtube wp-block-embed-youtube wp-embed-aspect-4-3 wp-has-aspect-ratio\"><div class=\"wp-block-embed__wrapper\">\n<iframe loading=\"lazy\" title=\"The Muppets - Devil Went Down to Jamaica\" width=\"500\" height=\"375\" src=\"https:\/\/www.youtube.com\/embed\/fY-RmBjpjQ8?feature=oembed\" frameborder=\"0\" allow=\"accelerometer; autoplay; clipboard-write; encrypted-media; gyroscope; picture-in-picture; web-share\" referrerpolicy=\"strict-origin-when-cross-origin\" allowfullscreen><\/iframe>\n<\/div><\/figure>\n","protected":false},"excerpt":{"rendered":"<p>O diabo foi pra Jamaica e disse que de l\u00e1 n\u00e3o sai porque&#8230; porque&#8230; sei l\u00e1, nem lembro mais nada&#8230;<\/p>\n","protected":false},"author":3,"featured_media":5113,"comment_status":"open","ping_status":"open","sticky":false,"template":"","format":"standard","meta":{"_monsterinsights_skip_tracking":false,"_monsterinsights_sitenote_active":false,"_monsterinsights_sitenote_note":"","_monsterinsights_sitenote_category":0,"footnotes":""},"categories":[1],"tags":[],"class_list":["post-5112","post","type-post","status-publish","format-standard","has-post-thumbnail","hentry","category-uncategorized","wpcat-1-id"],"yoast_head":"<!-- This site is optimized with the Yoast SEO plugin v24.2 - https:\/\/yoast.com\/wordpress\/plugins\/seo\/ -->\n<title>Alface do diabo - ODZ<\/title>\n<meta name=\"robots\" content=\"index, follow, max-snippet:-1, max-image-preview:large, max-video-preview:-1\" \/>\n<link rel=\"canonical\" href=\"https:\/\/ordemdazoeira.com.br\/index.php\/2025\/01\/16\/alface-do-diabo\/\" \/>\n<meta property=\"og:locale\" content=\"en_US\" \/>\n<meta property=\"og:type\" content=\"article\" \/>\n<meta property=\"og:title\" content=\"Alface do diabo - ODZ\" \/>\n<meta property=\"og:description\" content=\"O diabo foi pra Jamaica e disse que de l\u00e1 n\u00e3o sai porque&#8230; porque&#8230; sei l\u00e1, nem lembro mais nada...\" \/>\n<meta property=\"og:url\" content=\"https:\/\/ordemdazoeira.com.br\/index.php\/2025\/01\/16\/alface-do-diabo\/\" \/>\n<meta property=\"og:site_name\" content=\"ODZ\" \/>\n<meta property=\"article:published_time\" content=\"2025-01-16T09:56:38+00:00\" \/>\n<meta property=\"article:modified_time\" content=\"2025-01-16T09:56:39+00:00\" \/>\n<meta property=\"og:image\" content=\"https:\/\/ordemdazoeira.com.br\/wp-content\/uploads\/2025\/01\/CRTV-3776_OOH-Display-Ads-Oct_Devil_43-2.jpg\" \/>\n\t<meta property=\"og:image:width\" content=\"1600\" \/>\n\t<meta property=\"og:image:height\" content=\"900\" \/>\n\t<meta property=\"og:image:type\" content=\"image\/jpeg\" \/>\n<meta name=\"author\" content=\"Eric Mac Fadden\" \/>\n<meta name=\"twitter:card\" content=\"summary_large_image\" \/>\n<meta name=\"twitter:label1\" content=\"Written by\" \/>\n\t<meta name=\"twitter:data1\" content=\"Eric Mac Fadden\" \/>\n\t<meta name=\"twitter:label2\" content=\"Est. reading time\" \/>\n\t<meta name=\"twitter:data2\" content=\"1 minute\" \/>\n<script type=\"application\/ld+json\" class=\"yoast-schema-graph\">{\"@context\":\"https:\/\/schema.org\",\"@graph\":[{\"@type\":\"WebPage\",\"@id\":\"https:\/\/ordemdazoeira.com.br\/index.php\/2025\/01\/16\/alface-do-diabo\/\",\"url\":\"https:\/\/ordemdazoeira.com.br\/index.php\/2025\/01\/16\/alface-do-diabo\/\",\"name\":\"Alface do diabo - ODZ\",\"isPartOf\":{\"@id\":\"https:\/\/ordemdazoeira.com.br\/#website\"},\"primaryImageOfPage\":{\"@id\":\"https:\/\/ordemdazoeira.com.br\/index.php\/2025\/01\/16\/alface-do-diabo\/#primaryimage\"},\"image\":{\"@id\":\"https:\/\/ordemdazoeira.com.br\/index.php\/2025\/01\/16\/alface-do-diabo\/#primaryimage\"},\"thumbnailUrl\":\"https:\/\/ordemdazoeira.com.br\/wp-content\/uploads\/2025\/01\/CRTV-3776_OOH-Display-Ads-Oct_Devil_43-2.jpg\",\"datePublished\":\"2025-01-16T09:56:38+00:00\",\"dateModified\":\"2025-01-16T09:56:39+00:00\",\"author\":{\"@id\":\"https:\/\/ordemdazoeira.com.br\/#\/schema\/person\/2307badcd996505366bf8ae557805ffc\"},\"breadcrumb\":{\"@id\":\"https:\/\/ordemdazoeira.com.br\/index.php\/2025\/01\/16\/alface-do-diabo\/#breadcrumb\"},\"inLanguage\":\"en-US\",\"potentialAction\":[{\"@type\":\"ReadAction\",\"target\":[\"https:\/\/ordemdazoeira.com.br\/index.php\/2025\/01\/16\/alface-do-diabo\/\"]}]},{\"@type\":\"ImageObject\",\"inLanguage\":\"en-US\",\"@id\":\"https:\/\/ordemdazoeira.com.br\/index.php\/2025\/01\/16\/alface-do-diabo\/#primaryimage\",\"url\":\"https:\/\/ordemdazoeira.com.br\/wp-content\/uploads\/2025\/01\/CRTV-3776_OOH-Display-Ads-Oct_Devil_43-2.jpg\",\"contentUrl\":\"https:\/\/ordemdazoeira.com.br\/wp-content\/uploads\/2025\/01\/CRTV-3776_OOH-Display-Ads-Oct_Devil_43-2.jpg\",\"width\":1600,\"height\":900},{\"@type\":\"BreadcrumbList\",\"@id\":\"https:\/\/ordemdazoeira.com.br\/index.php\/2025\/01\/16\/alface-do-diabo\/#breadcrumb\",\"itemListElement\":[{\"@type\":\"ListItem\",\"position\":1,\"name\":\"Home\",\"item\":\"https:\/\/ordemdazoeira.com.br\/\"},{\"@type\":\"ListItem\",\"position\":2,\"name\":\"Alface do diabo\"}]},{\"@type\":\"WebSite\",\"@id\":\"https:\/\/ordemdazoeira.com.br\/#website\",\"url\":\"https:\/\/ordemdazoeira.com.br\/\",\"name\":\"ODZ\",\"description\":\"\",\"potentialAction\":[{\"@type\":\"SearchAction\",\"target\":{\"@type\":\"EntryPoint\",\"urlTemplate\":\"https:\/\/ordemdazoeira.com.br\/?s={search_term_string}\"},\"query-input\":{\"@type\":\"PropertyValueSpecification\",\"valueRequired\":true,\"valueName\":\"search_term_string\"}}],\"inLanguage\":\"en-US\"},{\"@type\":\"Person\",\"@id\":\"https:\/\/ordemdazoeira.com.br\/#\/schema\/person\/2307badcd996505366bf8ae557805ffc\",\"name\":\"Eric Mac Fadden\",\"image\":{\"@type\":\"ImageObject\",\"inLanguage\":\"en-US\",\"@id\":\"https:\/\/ordemdazoeira.com.br\/#\/schema\/person\/image\/\",\"url\":\"https:\/\/secure.gravatar.com\/avatar\/7cd8f4b0b9c141fb501b64e6824599d38d5b0fcccb8c1bbc2fa728576057f990?s=96&d=mm&r=g\",\"contentUrl\":\"https:\/\/secure.gravatar.com\/avatar\/7cd8f4b0b9c141fb501b64e6824599d38d5b0fcccb8c1bbc2fa728576057f990?s=96&d=mm&r=g\",\"caption\":\"Eric Mac Fadden\"},\"url\":\"https:\/\/ordemdazoeira.com.br\/index.php\/author\/eric-mac-fadden\/\"}]}<\/script>\n<!-- \/ Yoast SEO plugin. -->","yoast_head_json":{"title":"Alface do diabo - ODZ","robots":{"index":"index","follow":"follow","max-snippet":"max-snippet:-1","max-image-preview":"max-image-preview:large","max-video-preview":"max-video-preview:-1"},"canonical":"https:\/\/ordemdazoeira.com.br\/index.php\/2025\/01\/16\/alface-do-diabo\/","og_locale":"en_US","og_type":"article","og_title":"Alface do diabo - ODZ","og_description":"O diabo foi pra Jamaica e disse que de l\u00e1 n\u00e3o sai porque&#8230; porque&#8230; sei l\u00e1, nem lembro mais nada...","og_url":"https:\/\/ordemdazoeira.com.br\/index.php\/2025\/01\/16\/alface-do-diabo\/","og_site_name":"ODZ","article_published_time":"2025-01-16T09:56:38+00:00","article_modified_time":"2025-01-16T09:56:39+00:00","og_image":[{"width":1600,"height":900,"url":"https:\/\/ordemdazoeira.com.br\/wp-content\/uploads\/2025\/01\/CRTV-3776_OOH-Display-Ads-Oct_Devil_43-2.jpg","type":"image\/jpeg"}],"author":"Eric Mac Fadden","twitter_card":"summary_large_image","twitter_misc":{"Written by":"Eric Mac Fadden","Est. reading time":"1 minute"},"schema":{"@context":"https:\/\/schema.org","@graph":[{"@type":"WebPage","@id":"https:\/\/ordemdazoeira.com.br\/index.php\/2025\/01\/16\/alface-do-diabo\/","url":"https:\/\/ordemdazoeira.com.br\/index.php\/2025\/01\/16\/alface-do-diabo\/","name":"Alface do diabo - ODZ","isPartOf":{"@id":"https:\/\/ordemdazoeira.com.br\/#website"},"primaryImageOfPage":{"@id":"https:\/\/ordemdazoeira.com.br\/index.php\/2025\/01\/16\/alface-do-diabo\/#primaryimage"},"image":{"@id":"https:\/\/ordemdazoeira.com.br\/index.php\/2025\/01\/16\/alface-do-diabo\/#primaryimage"},"thumbnailUrl":"https:\/\/ordemdazoeira.com.br\/wp-content\/uploads\/2025\/01\/CRTV-3776_OOH-Display-Ads-Oct_Devil_43-2.jpg","datePublished":"2025-01-16T09:56:38+00:00","dateModified":"2025-01-16T09:56:39+00:00","author":{"@id":"https:\/\/ordemdazoeira.com.br\/#\/schema\/person\/2307badcd996505366bf8ae557805ffc"},"breadcrumb":{"@id":"https:\/\/ordemdazoeira.com.br\/index.php\/2025\/01\/16\/alface-do-diabo\/#breadcrumb"},"inLanguage":"en-US","potentialAction":[{"@type":"ReadAction","target":["https:\/\/ordemdazoeira.com.br\/index.php\/2025\/01\/16\/alface-do-diabo\/"]}]},{"@type":"ImageObject","inLanguage":"en-US","@id":"https:\/\/ordemdazoeira.com.br\/index.php\/2025\/01\/16\/alface-do-diabo\/#primaryimage","url":"https:\/\/ordemdazoeira.com.br\/wp-content\/uploads\/2025\/01\/CRTV-3776_OOH-Display-Ads-Oct_Devil_43-2.jpg","contentUrl":"https:\/\/ordemdazoeira.com.br\/wp-content\/uploads\/2025\/01\/CRTV-3776_OOH-Display-Ads-Oct_Devil_43-2.jpg","width":1600,"height":900},{"@type":"BreadcrumbList","@id":"https:\/\/ordemdazoeira.com.br\/index.php\/2025\/01\/16\/alface-do-diabo\/#breadcrumb","itemListElement":[{"@type":"ListItem","position":1,"name":"Home","item":"https:\/\/ordemdazoeira.com.br\/"},{"@type":"ListItem","position":2,"name":"Alface do diabo"}]},{"@type":"WebSite","@id":"https:\/\/ordemdazoeira.com.br\/#website","url":"https:\/\/ordemdazoeira.com.br\/","name":"ODZ","description":"","potentialAction":[{"@type":"SearchAction","target":{"@type":"EntryPoint","urlTemplate":"https:\/\/ordemdazoeira.com.br\/?s={search_term_string}"},"query-input":{"@type":"PropertyValueSpecification","valueRequired":true,"valueName":"search_term_string"}}],"inLanguage":"en-US"},{"@type":"Person","@id":"https:\/\/ordemdazoeira.com.br\/#\/schema\/person\/2307badcd996505366bf8ae557805ffc","name":"Eric Mac Fadden","image":{"@type":"ImageObject","inLanguage":"en-US","@id":"https:\/\/ordemdazoeira.com.br\/#\/schema\/person\/image\/","url":"https:\/\/secure.gravatar.com\/avatar\/7cd8f4b0b9c141fb501b64e6824599d38d5b0fcccb8c1bbc2fa728576057f990?s=96&d=mm&r=g","contentUrl":"https:\/\/secure.gravatar.com\/avatar\/7cd8f4b0b9c141fb501b64e6824599d38d5b0fcccb8c1bbc2fa728576057f990?s=96&d=mm&r=g","caption":"Eric Mac Fadden"},"url":"https:\/\/ordemdazoeira.com.br\/index.php\/author\/eric-mac-fadden\/"}]}},"_links":{"self":[{"href":"https:\/\/ordemdazoeira.com.br\/index.php\/wp-json\/wp\/v2\/posts\/5112","targetHints":{"allow":["GET"]}}],"collection":[{"href":"https:\/\/ordemdazoeira.com.br\/index.php\/wp-json\/wp\/v2\/posts"}],"about":[{"href":"https:\/\/ordemdazoeira.com.br\/index.php\/wp-json\/wp\/v2\/types\/post"}],"author":[{"embeddable":true,"href":"https:\/\/ordemdazoeira.com.br\/index.php\/wp-json\/wp\/v2\/users\/3"}],"replies":[{"embeddable":true,"href":"https:\/\/ordemdazoeira.com.br\/index.php\/wp-json\/wp\/v2\/comments?post=5112"}],"version-history":[{"count":1,"href":"https:\/\/ordemdazoeira.com.br\/index.php\/wp-json\/wp\/v2\/posts\/5112\/revisions"}],"predecessor-version":[{"id":5114,"href":"https:\/\/ordemdazoeira.com.br\/index.php\/wp-json\/wp\/v2\/posts\/5112\/revisions\/5114"}],"wp:featuredmedia":[{"embeddable":true,"href":"https:\/\/ordemdazoeira.com.br\/index.php\/wp-json\/wp\/v2\/media\/5113"}],"wp:attachment":[{"href":"https:\/\/ordemdazoeira.com.br\/index.php\/wp-json\/wp\/v2\/media?parent=5112"}],"wp:term":[{"taxonomy":"category","embeddable":true,"href":"https:\/\/ordemdazoeira.com.br\/index.php\/wp-json\/wp\/v2\/categories?post=5112"},{"taxonomy":"post_tag","embeddable":true,"href":"https:\/\/ordemdazoeira.com.br\/index.php\/wp-json\/wp\/v2\/tags?post=5112"}],"curies":[{"name":"wp","href":"https:\/\/api.w.org\/{rel}","templated":true}]}}