{"id":523,"date":"2021-04-19T07:39:19","date_gmt":"2021-04-19T10:39:19","guid":{"rendered":"http:\/\/ordemdazoeira.com.br\/?p=523"},"modified":"2021-04-19T07:39:19","modified_gmt":"2021-04-19T10:39:19","slug":"odz-news-4","status":"publish","type":"post","link":"https:\/\/ordemdazoeira.com.br\/index.php\/2021\/04\/19\/odz-news-4\/","title":{"rendered":"ODZ News"},"content":{"rendered":"\n<h2 class=\"wp-block-heading\">Adobe agora \u00e9 \u00f3rf\u00e3<\/h2>\n\n\n\n<p style=\"font-size:18px\">Um dos <strong>pais da Adobe<\/strong>, Charles \u201cChuck\u201d Geschke, <strong>faleceu neste final de semana aos 81 anos<\/strong>. Passando pelo Centro de Pesquisa Xerox em Palo Alto, em 1982 <strong>funda a Adobe<\/strong> com John Warnock, e alguns anos depois ajudou a desenvolver &#8211; <em>e comprar, como o <strong>Photoshop<\/strong><\/em> &#8211;  alguns dos softwares mais utilizados profissionalmente no mundo at\u00e9 hoje (<em>chupa Corel!<\/em>). O formato (<em>cuidado!<\/em>) <strong>PDF<\/strong> tamb\u00e9m \u00e9 um dos que deixa como legado e suas infinitas possibilidades de passagem de v\u00edrus.<\/p>\n\n\n\n<p style=\"font-size:18px\">Mas provavelmente esteja <strong>dan\u00e7ando num caldeir\u00e3o do fogo<\/strong> no momento, por ter <strong>transformado os pacotes Adobe em assinatura<\/strong>. Rest In Pieces, Chuck&#8230;<\/p>\n\n\n\n<div class=\"wp-block-image is-style-default\"><figure class=\"aligncenter size-large\"><img loading=\"lazy\" decoding=\"async\" width=\"1024\" height=\"683\" src=\"http:\/\/ordemdazoeira.com.br\/wp-content\/uploads\/2021\/04\/210418-charles-geschke-jm-1154-1024x683.jpg\" alt=\"\" class=\"wp-image-524\" srcset=\"https:\/\/ordemdazoeira.com.br\/wp-content\/uploads\/2021\/04\/210418-charles-geschke-jm-1154-1024x683.jpg 1024w, https:\/\/ordemdazoeira.com.br\/wp-content\/uploads\/2021\/04\/210418-charles-geschke-jm-1154-300x200.jpg 300w, https:\/\/ordemdazoeira.com.br\/wp-content\/uploads\/2021\/04\/210418-charles-geschke-jm-1154-768x512.jpg 768w, https:\/\/ordemdazoeira.com.br\/wp-content\/uploads\/2021\/04\/210418-charles-geschke-jm-1154-1536x1024.jpg 1536w, https:\/\/ordemdazoeira.com.br\/wp-content\/uploads\/2021\/04\/210418-charles-geschke-jm-1154-2048x1366.jpg 2048w, https:\/\/ordemdazoeira.com.br\/wp-content\/uploads\/2021\/04\/210418-charles-geschke-jm-1154-1292x862.jpg 1292w, https:\/\/ordemdazoeira.com.br\/wp-content\/uploads\/2021\/04\/210418-charles-geschke-jm-1154-936x624.jpg 936w\" sizes=\"auto, (max-width: 1024px) 100vw, 1024px\" \/><figcaption>Charles Greschke, vice president of Adobe, shows off a drawing from the company&#8217;s computer software.   (Photo by Roger Ressmeyer\/Corbis\/VCG via Getty Images)<\/figcaption><\/figure><\/div>\n\n\n\n<p><em>Fonte: <strong><a href=\"https:\/\/apnews.com\/article\/business-john-warnock-san-francisco-b77f216f52d736a6b5a383a429208f51\" target=\"_blank\" rel=\"noreferrer noopener\">AP News<\/a><\/strong><\/em><\/p>\n\n\n\n<h2 class=\"wp-block-heading\">Google te acha burro<\/h2>\n\n\n\n<p style=\"font-size:18px\">\u00c0s vezes as empresas de tecnologia podem <strong>desafiar nossa intelig\u00eancia<\/strong> dizendo em nossas caras que somos apenas um ato falho de Deus &#8211; <em>ou dos aliens, sei l\u00e1<\/em> &#8211; mas <strong>O Or\u00e1culo\u2122<\/strong> al\u00e9m de querer substituir nossa mem\u00f3ria com seu buscador, hoje essencial para quaisquer discuss\u00f5es, almeja <strong>taxar-nos de jumentos<\/strong> que nem como andar sabem, introduzindo uma nova fun\u00e7\u00e3o em seus aparelhos da linha Pixel: <strong>um aviso se voc\u00ea est\u00e1 andando olhando o celular<\/strong>.<\/p>\n\n\n\n<p style=\"font-size:18px\">Antes que <strong>comecem a reclamar dessa fun\u00e7\u00e3o &#8220;in\u00fatil&#8221;<\/strong>, vejam:<\/p>\n\n\n\n<figure class=\"wp-block-embed aligncenter is-type-video is-provider-youtube wp-block-embed-youtube wp-embed-aspect-16-9 wp-has-aspect-ratio\"><div class=\"wp-block-embed__wrapper\">\n<iframe loading=\"lazy\" title=\"People walking into things whilst texting compilation\" width=\"500\" height=\"281\" src=\"https:\/\/www.youtube.com\/embed\/swaW8J2Nx1E?feature=oembed\" frameborder=\"0\" allow=\"accelerometer; autoplay; clipboard-write; encrypted-media; gyroscope; picture-in-picture; web-share\" referrerpolicy=\"strict-origin-when-cross-origin\" allowfullscreen><\/iframe>\n<\/div><\/figure>\n\n\n\n<p style=\"font-size:18px\">Assim como o <strong>aviso no carro que uma porta est\u00e1 aberta ou que esquecera de colocar o cinto<\/strong>, a fun\u00e7\u00e3o acaba de certa maneira por ser \u00fatil \u00e0 alguns exemplares b\u00edpedes que observamos nas ruas. Infelizmente \u00e9 mais algo que a tecnologia substitui nossos j\u00e1 destreinados c\u00e9rebros.<\/p>\n\n\n\n<div class=\"wp-block-image is-style-default\"><figure class=\"aligncenter size-large\"><img loading=\"lazy\" decoding=\"async\" width=\"1024\" height=\"432\" src=\"http:\/\/ordemdazoeira.com.br\/wp-content\/uploads\/2021\/04\/walle-hoverchair05-1024x432.jpg\" alt=\"\" class=\"wp-image-525\" srcset=\"https:\/\/ordemdazoeira.com.br\/wp-content\/uploads\/2021\/04\/walle-hoverchair05-1024x432.jpg 1024w, https:\/\/ordemdazoeira.com.br\/wp-content\/uploads\/2021\/04\/walle-hoverchair05-300x127.jpg 300w, https:\/\/ordemdazoeira.com.br\/wp-content\/uploads\/2021\/04\/walle-hoverchair05-768x324.jpg 768w, https:\/\/ordemdazoeira.com.br\/wp-content\/uploads\/2021\/04\/walle-hoverchair05-1536x648.jpg 1536w, https:\/\/ordemdazoeira.com.br\/wp-content\/uploads\/2021\/04\/walle-hoverchair05-1292x545.jpg 1292w, https:\/\/ordemdazoeira.com.br\/wp-content\/uploads\/2021\/04\/walle-hoverchair05-936x395.jpg 936w, https:\/\/ordemdazoeira.com.br\/wp-content\/uploads\/2021\/04\/walle-hoverchair05.jpg 1600w\" sizes=\"auto, (max-width: 1024px) 100vw, 1024px\" \/><\/figure><\/div>\n\n\n\n<p><em>Fonte: <strong><a href=\"https:\/\/www.zdnet.com\/article\/googles-pixel-has-a-new-feature-thats-a-brilliant-insult-to-your-intelligence\/\" target=\"_blank\" rel=\"noreferrer noopener\">ZDNet<\/a><\/strong><\/em><\/p>\n\n\n\n<h2 class=\"wp-block-heading\">Mulher v\u00ea dinossauro no quintal<\/h2>\n\n\n\n<p style=\"font-size:18px\">Realmente, n\u00e3o sei o que dizer&#8230;<\/p>\n\n\n\n<figure class=\"wp-block-embed is-type-video is-provider-youtube wp-block-embed-youtube wp-embed-aspect-16-9 wp-has-aspect-ratio\"><div class=\"wp-block-embed__wrapper\">\n<iframe loading=\"lazy\" title=\"Florida woman spots &#039;baby dinosaur&#039; running through yard\" width=\"500\" height=\"281\" src=\"https:\/\/www.youtube.com\/embed\/wLCOALqlJl0?feature=oembed\" frameborder=\"0\" allow=\"accelerometer; autoplay; clipboard-write; encrypted-media; gyroscope; picture-in-picture; web-share\" referrerpolicy=\"strict-origin-when-cross-origin\" allowfullscreen><\/iframe>\n<\/div><\/figure>\n\n\n\n<p><em>Fonte: <strong><a href=\"https:\/\/www.youtube.com\/watch?v=wLCOALqlJl0\" target=\"_blank\" rel=\"noreferrer noopener\">Fox 35 Orlando<\/a><\/strong><\/em><\/p>\n","protected":false},"excerpt":{"rendered":"<p>Adobe agora \u00e9 \u00f3rf\u00e3 Um dos pais da Adobe, Charles \u201cChuck\u201d Geschke, faleceu neste final de semana aos 81 anos&#8230;.<\/p>\n","protected":false},"author":3,"featured_media":444,"comment_status":"open","ping_status":"open","sticky":false,"template":"","format":"standard","meta":{"_monsterinsights_skip_tracking":false,"_monsterinsights_sitenote_active":false,"_monsterinsights_sitenote_note":"","_monsterinsights_sitenote_category":0,"footnotes":""},"categories":[109],"tags":[110,108],"class_list":["post-523","post","type-post","status-publish","format-standard","has-post-thumbnail","hentry","category-odz-news","tag-noticias","tag-odz-news","wpcat-109-id"],"yoast_head":"<!-- This site is optimized with the Yoast SEO plugin v24.2 - https:\/\/yoast.com\/wordpress\/plugins\/seo\/ -->\n<title>ODZ News - ODZ<\/title>\n<meta name=\"robots\" content=\"index, follow, max-snippet:-1, max-image-preview:large, max-video-preview:-1\" \/>\n<link rel=\"canonical\" href=\"https:\/\/ordemdazoeira.com.br\/index.php\/2021\/04\/19\/odz-news-4\/\" \/>\n<meta property=\"og:locale\" content=\"en_US\" \/>\n<meta property=\"og:type\" content=\"article\" \/>\n<meta property=\"og:title\" content=\"ODZ News - ODZ\" \/>\n<meta property=\"og:description\" content=\"Adobe agora \u00e9 \u00f3rf\u00e3 Um dos pais da Adobe, Charles \u201cChuck\u201d Geschke, faleceu neste final de semana aos 81 anos....\" \/>\n<meta property=\"og:url\" content=\"https:\/\/ordemdazoeira.com.br\/index.php\/2021\/04\/19\/odz-news-4\/\" \/>\n<meta property=\"og:site_name\" content=\"ODZ\" \/>\n<meta property=\"article:published_time\" content=\"2021-04-19T10:39:19+00:00\" \/>\n<meta property=\"og:image\" content=\"https:\/\/ordemdazoeira.com.br\/wp-content\/uploads\/2021\/04\/ODZ-NEWS-LOGO.jpg\" \/>\n\t<meta property=\"og:image:width\" content=\"1920\" \/>\n\t<meta property=\"og:image:height\" content=\"1080\" \/>\n\t<meta property=\"og:image:type\" content=\"image\/jpeg\" \/>\n<meta name=\"author\" content=\"Eric Mac Fadden\" \/>\n<meta name=\"twitter:card\" content=\"summary_large_image\" \/>\n<meta name=\"twitter:label1\" content=\"Written by\" \/>\n\t<meta name=\"twitter:data1\" content=\"Eric Mac Fadden\" \/>\n\t<meta name=\"twitter:label2\" content=\"Est. reading time\" \/>\n\t<meta name=\"twitter:data2\" content=\"2 minutes\" \/>\n<script type=\"application\/ld+json\" class=\"yoast-schema-graph\">{\"@context\":\"https:\/\/schema.org\",\"@graph\":[{\"@type\":\"WebPage\",\"@id\":\"https:\/\/ordemdazoeira.com.br\/index.php\/2021\/04\/19\/odz-news-4\/\",\"url\":\"https:\/\/ordemdazoeira.com.br\/index.php\/2021\/04\/19\/odz-news-4\/\",\"name\":\"ODZ News - ODZ\",\"isPartOf\":{\"@id\":\"https:\/\/ordemdazoeira.com.br\/#website\"},\"primaryImageOfPage\":{\"@id\":\"https:\/\/ordemdazoeira.com.br\/index.php\/2021\/04\/19\/odz-news-4\/#primaryimage\"},\"image\":{\"@id\":\"https:\/\/ordemdazoeira.com.br\/index.php\/2021\/04\/19\/odz-news-4\/#primaryimage\"},\"thumbnailUrl\":\"https:\/\/ordemdazoeira.com.br\/wp-content\/uploads\/2021\/04\/ODZ-NEWS-LOGO.jpg\",\"datePublished\":\"2021-04-19T10:39:19+00:00\",\"dateModified\":\"2021-04-19T10:39:19+00:00\",\"author\":{\"@id\":\"https:\/\/ordemdazoeira.com.br\/#\/schema\/person\/2307badcd996505366bf8ae557805ffc\"},\"breadcrumb\":{\"@id\":\"https:\/\/ordemdazoeira.com.br\/index.php\/2021\/04\/19\/odz-news-4\/#breadcrumb\"},\"inLanguage\":\"en-US\",\"potentialAction\":[{\"@type\":\"ReadAction\",\"target\":[\"https:\/\/ordemdazoeira.com.br\/index.php\/2021\/04\/19\/odz-news-4\/\"]}]},{\"@type\":\"ImageObject\",\"inLanguage\":\"en-US\",\"@id\":\"https:\/\/ordemdazoeira.com.br\/index.php\/2021\/04\/19\/odz-news-4\/#primaryimage\",\"url\":\"https:\/\/ordemdazoeira.com.br\/wp-content\/uploads\/2021\/04\/ODZ-NEWS-LOGO.jpg\",\"contentUrl\":\"https:\/\/ordemdazoeira.com.br\/wp-content\/uploads\/2021\/04\/ODZ-NEWS-LOGO.jpg\",\"width\":1920,\"height\":1080},{\"@type\":\"BreadcrumbList\",\"@id\":\"https:\/\/ordemdazoeira.com.br\/index.php\/2021\/04\/19\/odz-news-4\/#breadcrumb\",\"itemListElement\":[{\"@type\":\"ListItem\",\"position\":1,\"name\":\"Home\",\"item\":\"https:\/\/ordemdazoeira.com.br\/\"},{\"@type\":\"ListItem\",\"position\":2,\"name\":\"ODZ News\"}]},{\"@type\":\"WebSite\",\"@id\":\"https:\/\/ordemdazoeira.com.br\/#website\",\"url\":\"https:\/\/ordemdazoeira.com.br\/\",\"name\":\"ODZ\",\"description\":\"\",\"potentialAction\":[{\"@type\":\"SearchAction\",\"target\":{\"@type\":\"EntryPoint\",\"urlTemplate\":\"https:\/\/ordemdazoeira.com.br\/?s={search_term_string}\"},\"query-input\":{\"@type\":\"PropertyValueSpecification\",\"valueRequired\":true,\"valueName\":\"search_term_string\"}}],\"inLanguage\":\"en-US\"},{\"@type\":\"Person\",\"@id\":\"https:\/\/ordemdazoeira.com.br\/#\/schema\/person\/2307badcd996505366bf8ae557805ffc\",\"name\":\"Eric Mac Fadden\",\"image\":{\"@type\":\"ImageObject\",\"inLanguage\":\"en-US\",\"@id\":\"https:\/\/ordemdazoeira.com.br\/#\/schema\/person\/image\/\",\"url\":\"https:\/\/secure.gravatar.com\/avatar\/7cd8f4b0b9c141fb501b64e6824599d38d5b0fcccb8c1bbc2fa728576057f990?s=96&d=mm&r=g\",\"contentUrl\":\"https:\/\/secure.gravatar.com\/avatar\/7cd8f4b0b9c141fb501b64e6824599d38d5b0fcccb8c1bbc2fa728576057f990?s=96&d=mm&r=g\",\"caption\":\"Eric Mac Fadden\"},\"url\":\"https:\/\/ordemdazoeira.com.br\/index.php\/author\/eric-mac-fadden\/\"}]}<\/script>\n<!-- \/ Yoast SEO plugin. -->","yoast_head_json":{"title":"ODZ News - ODZ","robots":{"index":"index","follow":"follow","max-snippet":"max-snippet:-1","max-image-preview":"max-image-preview:large","max-video-preview":"max-video-preview:-1"},"canonical":"https:\/\/ordemdazoeira.com.br\/index.php\/2021\/04\/19\/odz-news-4\/","og_locale":"en_US","og_type":"article","og_title":"ODZ News - ODZ","og_description":"Adobe agora \u00e9 \u00f3rf\u00e3 Um dos pais da Adobe, Charles \u201cChuck\u201d Geschke, faleceu neste final de semana aos 81 anos....","og_url":"https:\/\/ordemdazoeira.com.br\/index.php\/2021\/04\/19\/odz-news-4\/","og_site_name":"ODZ","article_published_time":"2021-04-19T10:39:19+00:00","og_image":[{"width":1920,"height":1080,"url":"https:\/\/ordemdazoeira.com.br\/wp-content\/uploads\/2021\/04\/ODZ-NEWS-LOGO.jpg","type":"image\/jpeg"}],"author":"Eric Mac Fadden","twitter_card":"summary_large_image","twitter_misc":{"Written by":"Eric Mac Fadden","Est. reading time":"2 minutes"},"schema":{"@context":"https:\/\/schema.org","@graph":[{"@type":"WebPage","@id":"https:\/\/ordemdazoeira.com.br\/index.php\/2021\/04\/19\/odz-news-4\/","url":"https:\/\/ordemdazoeira.com.br\/index.php\/2021\/04\/19\/odz-news-4\/","name":"ODZ News - ODZ","isPartOf":{"@id":"https:\/\/ordemdazoeira.com.br\/#website"},"primaryImageOfPage":{"@id":"https:\/\/ordemdazoeira.com.br\/index.php\/2021\/04\/19\/odz-news-4\/#primaryimage"},"image":{"@id":"https:\/\/ordemdazoeira.com.br\/index.php\/2021\/04\/19\/odz-news-4\/#primaryimage"},"thumbnailUrl":"https:\/\/ordemdazoeira.com.br\/wp-content\/uploads\/2021\/04\/ODZ-NEWS-LOGO.jpg","datePublished":"2021-04-19T10:39:19+00:00","dateModified":"2021-04-19T10:39:19+00:00","author":{"@id":"https:\/\/ordemdazoeira.com.br\/#\/schema\/person\/2307badcd996505366bf8ae557805ffc"},"breadcrumb":{"@id":"https:\/\/ordemdazoeira.com.br\/index.php\/2021\/04\/19\/odz-news-4\/#breadcrumb"},"inLanguage":"en-US","potentialAction":[{"@type":"ReadAction","target":["https:\/\/ordemdazoeira.com.br\/index.php\/2021\/04\/19\/odz-news-4\/"]}]},{"@type":"ImageObject","inLanguage":"en-US","@id":"https:\/\/ordemdazoeira.com.br\/index.php\/2021\/04\/19\/odz-news-4\/#primaryimage","url":"https:\/\/ordemdazoeira.com.br\/wp-content\/uploads\/2021\/04\/ODZ-NEWS-LOGO.jpg","contentUrl":"https:\/\/ordemdazoeira.com.br\/wp-content\/uploads\/2021\/04\/ODZ-NEWS-LOGO.jpg","width":1920,"height":1080},{"@type":"BreadcrumbList","@id":"https:\/\/ordemdazoeira.com.br\/index.php\/2021\/04\/19\/odz-news-4\/#breadcrumb","itemListElement":[{"@type":"ListItem","position":1,"name":"Home","item":"https:\/\/ordemdazoeira.com.br\/"},{"@type":"ListItem","position":2,"name":"ODZ News"}]},{"@type":"WebSite","@id":"https:\/\/ordemdazoeira.com.br\/#website","url":"https:\/\/ordemdazoeira.com.br\/","name":"ODZ","description":"","potentialAction":[{"@type":"SearchAction","target":{"@type":"EntryPoint","urlTemplate":"https:\/\/ordemdazoeira.com.br\/?s={search_term_string}"},"query-input":{"@type":"PropertyValueSpecification","valueRequired":true,"valueName":"search_term_string"}}],"inLanguage":"en-US"},{"@type":"Person","@id":"https:\/\/ordemdazoeira.com.br\/#\/schema\/person\/2307badcd996505366bf8ae557805ffc","name":"Eric Mac Fadden","image":{"@type":"ImageObject","inLanguage":"en-US","@id":"https:\/\/ordemdazoeira.com.br\/#\/schema\/person\/image\/","url":"https:\/\/secure.gravatar.com\/avatar\/7cd8f4b0b9c141fb501b64e6824599d38d5b0fcccb8c1bbc2fa728576057f990?s=96&d=mm&r=g","contentUrl":"https:\/\/secure.gravatar.com\/avatar\/7cd8f4b0b9c141fb501b64e6824599d38d5b0fcccb8c1bbc2fa728576057f990?s=96&d=mm&r=g","caption":"Eric Mac Fadden"},"url":"https:\/\/ordemdazoeira.com.br\/index.php\/author\/eric-mac-fadden\/"}]}},"_links":{"self":[{"href":"https:\/\/ordemdazoeira.com.br\/index.php\/wp-json\/wp\/v2\/posts\/523","targetHints":{"allow":["GET"]}}],"collection":[{"href":"https:\/\/ordemdazoeira.com.br\/index.php\/wp-json\/wp\/v2\/posts"}],"about":[{"href":"https:\/\/ordemdazoeira.com.br\/index.php\/wp-json\/wp\/v2\/types\/post"}],"author":[{"embeddable":true,"href":"https:\/\/ordemdazoeira.com.br\/index.php\/wp-json\/wp\/v2\/users\/3"}],"replies":[{"embeddable":true,"href":"https:\/\/ordemdazoeira.com.br\/index.php\/wp-json\/wp\/v2\/comments?post=523"}],"version-history":[{"count":1,"href":"https:\/\/ordemdazoeira.com.br\/index.php\/wp-json\/wp\/v2\/posts\/523\/revisions"}],"predecessor-version":[{"id":526,"href":"https:\/\/ordemdazoeira.com.br\/index.php\/wp-json\/wp\/v2\/posts\/523\/revisions\/526"}],"wp:featuredmedia":[{"embeddable":true,"href":"https:\/\/ordemdazoeira.com.br\/index.php\/wp-json\/wp\/v2\/media\/444"}],"wp:attachment":[{"href":"https:\/\/ordemdazoeira.com.br\/index.php\/wp-json\/wp\/v2\/media?parent=523"}],"wp:term":[{"taxonomy":"category","embeddable":true,"href":"https:\/\/ordemdazoeira.com.br\/index.php\/wp-json\/wp\/v2\/categories?post=523"},{"taxonomy":"post_tag","embeddable":true,"href":"https:\/\/ordemdazoeira.com.br\/index.php\/wp-json\/wp\/v2\/tags?post=523"}],"curies":[{"name":"wp","href":"https:\/\/api.w.org\/{rel}","templated":true}]}}