{"id":706,"date":"2021-05-24T06:00:00","date_gmt":"2021-05-24T09:00:00","guid":{"rendered":"http:\/\/ordemdazoeira.com.br\/?p=706"},"modified":"2021-05-23T22:59:52","modified_gmt":"2021-05-24T01:59:52","slug":"operadora-colorida","status":"publish","type":"post","link":"https:\/\/ordemdazoeira.com.br\/index.php\/2021\/05\/24\/operadora-colorida\/","title":{"rendered":"Operadora colorida"},"content":{"rendered":"\n<p style=\"font-size:18px\">As operadoras de telefonia celular s\u00e3o todas \u00e0 favor de uma causa: <strong>a delas<\/strong>. Sem exce\u00e7\u00e3o.<\/p>\n\n\n\n<p style=\"font-size:18px\">As que se distanciarem de tal premissa, <strong>est\u00e3o condenadas ao fracasso<\/strong>, j\u00e1 que s\u00e3o necess\u00e1rios montantes de dinheiro pantagru\u00e9licos para manter o servi\u00e7o, pagar o quadro de funcion\u00e1rios e <s><em>ficar absurdamente rico<\/em><\/s> viver decentemente como CEO de empresa. E para fazer o que? Fornecer um <strong>Lymdo e Cheyroso\u2122<\/strong> servi\u00e7o de telefonia cheio de &#8220;<em>hotspots funcionais e sinal forte por toda a cidade &#8211; e at\u00e9 no campo<\/em>&#8220;.<\/p>\n\n\n\n<p style=\"font-size:18px\">Claro que \u00e9 fantasia, esperan\u00e7a furada.<\/p>\n\n\n\n<p style=\"font-size:18px\">Mas se a operadora diminu\u00edsse sua margem de lucro, clientes e ainda se engajasse a auxiliar o cliente a resolver problemas pessoais? <strong>Fracasso, oras!<\/strong><\/p>\n\n\n\n<div class=\"wp-block-image is-style-default\"><figure class=\"aligncenter size-large\"><img loading=\"lazy\" decoding=\"async\" width=\"1024\" height=\"538\" src=\"http:\/\/ordemdazoeira.com.br\/wp-content\/uploads\/2021\/05\/russian-apple-iphone-turning-gay-lawsuit-1024x538-1.jpg\" alt=\"\" class=\"wp-image-707\" srcset=\"https:\/\/ordemdazoeira.com.br\/wp-content\/uploads\/2021\/05\/russian-apple-iphone-turning-gay-lawsuit-1024x538-1.jpg 1024w, https:\/\/ordemdazoeira.com.br\/wp-content\/uploads\/2021\/05\/russian-apple-iphone-turning-gay-lawsuit-1024x538-1-300x158.jpg 300w, https:\/\/ordemdazoeira.com.br\/wp-content\/uploads\/2021\/05\/russian-apple-iphone-turning-gay-lawsuit-1024x538-1-768x404.jpg 768w, https:\/\/ordemdazoeira.com.br\/wp-content\/uploads\/2021\/05\/russian-apple-iphone-turning-gay-lawsuit-1024x538-1-936x492.jpg 936w\" sizes=\"auto, (max-width: 1024px) 100vw, 1024px\" \/><\/figure><\/div>\n\n\n\n<p style=\"font-size:18px\">Uma empreitada absurda e extremamente focada no p\u00fablico <strong><a href=\"https:\/\/www.lorenzetti.com.br\/produtos\/duchas-e-chuveiros-eletricos\/advanced\" target=\"_blank\" rel=\"noreferrer noopener\">LGBTXYZPLUSADVANCED+<\/a><\/strong>, quer aumentar mais ainda o <strong>abismo <\/strong>que aumenta cada dia mais entre as pessoas normais e os justiceiros sociais &#8211;  <em>que acabam obrigando gente que s\u00f3 quer viver sua vida com suas op\u00e7\u00f5es sexuais sem que ningu\u00e9m os espanque por isso<\/em> &#8211; lan\u00e7ando a <strong><a href=\"https:\/\/www.todestelecom.com.br\/\" target=\"_blank\" rel=\"noreferrer noopener\">Todes<\/a><\/strong> (<em>que nome, meo zeos<\/em>), operadora de telefonia m\u00f3vel que foca no p\u00fablico inventado por essa m\u00eddia maluca que gosta de aumentar de logo a cada semana.<\/p>\n\n\n\n<p style=\"font-size:18px\">N\u00e3o sou em absoluto contra quem pratica <strong>retroamorismo<\/strong> ou <strong>briga de mariscos <\/strong>&#8211; <em>cada um faz o que acha mais apto e ser feliz com isso<\/em> &#8211; mas a coitadiza\u00e7\u00e3o de quem quem cuida da pr\u00f3pria vida \u00e9 explorada pela esc\u00f3ria midi\u00e1tica gera tens\u00e3o desnecess\u00e1ria num mundo j\u00e1 inundado com fake news e politicagem est\u00fapida.<\/p>\n\n\n\n<div class=\"wp-block-image is-style-default\"><figure class=\"aligncenter size-large\"><img loading=\"lazy\" decoding=\"async\" width=\"1024\" height=\"610\" src=\"http:\/\/ordemdazoeira.com.br\/wp-content\/uploads\/2021\/05\/photo_2021-05-23_22-31-42-1024x610.jpg\" alt=\"\" class=\"wp-image-709\" srcset=\"https:\/\/ordemdazoeira.com.br\/wp-content\/uploads\/2021\/05\/photo_2021-05-23_22-31-42-1024x610.jpg 1024w, https:\/\/ordemdazoeira.com.br\/wp-content\/uploads\/2021\/05\/photo_2021-05-23_22-31-42-300x179.jpg 300w, https:\/\/ordemdazoeira.com.br\/wp-content\/uploads\/2021\/05\/photo_2021-05-23_22-31-42-768x458.jpg 768w, https:\/\/ordemdazoeira.com.br\/wp-content\/uploads\/2021\/05\/photo_2021-05-23_22-31-42-936x558.jpg 936w, https:\/\/ordemdazoeira.com.br\/wp-content\/uploads\/2021\/05\/photo_2021-05-23_22-31-42.jpg 1114w\" sizes=\"auto, (max-width: 1024px) 100vw, 1024px\" \/><figcaption><em>Al\u00e9m de ser gay, tem de ser negro: como adoram diminuir os outros s\u00f3 para construir um ex\u00e9rcito de reclam\u00f5es<\/em><\/figcaption><\/figure><\/div>\n\n\n\n<p style=\"font-size:18px\">Mas vejamos o que a <strong>Todes<\/strong> tem a oferecer ent\u00e3o para este seleto p\u00fablico e para seus apoiadores <strong>via a infraestrutura da Tim<\/strong>:<\/p>\n\n\n\n<p style=\"font-size:18px\">&#8211; Planos pr\u00e9-pagos que come\u00e7am em R$ 44\/m\u00eas (3 GB de dados + 100 minutos de chamadas)<\/p>\n\n\n\n<p style=\"font-size:18px\">&#8211; Plano mais caro custa R$ 84\/m\u00eas (15 GB de dados + liga\u00e7\u00f5es infinitas)<\/p>\n\n\n\n<p style=\"font-size:18px\">&#8211; O uso de WhatsApp \u00e9 ilimitado<\/p>\n\n\n\n<p style=\"font-size:18px\">&#8211; Ao renovar o plano mensalmente, h\u00e1 um b\u00f4nus de 1 GB a mais de franquia<\/p>\n\n\n\n<p style=\"font-size:18px\">Tamb\u00e9m inventaram de futuramente <strong>oferecer apoio jur\u00eddico e psicol\u00f3gico<\/strong> via a pr\u00f3pria operadora &#8211; <em>porque todos os clientes s\u00e3o pessoas desequilibradas e n\u00e3o t\u00eam direitos como cidad\u00e3o<\/em>. E obviamente tudo ser\u00e1 devidamente cobrado no fim do m\u00eas &#8211; <em>ningu\u00e9m \u00e9 bonzinho, principalmente nesse fil\u00e3o comercial<\/em>. Ou seja, mais do mesmo j\u00e1 existente.<\/p>\n\n\n\n<blockquote class=\"wp-block-quote is-layout-flow wp-block-quote-is-layout-flow\"><p>&#8220;Temos um cuidado muito forte de prestar um atendimento correto, considerando o pronome de tratamento adequado, linguagem inclusiva de g\u00eanero e uso de nome social, respeitando g\u00eaneros n\u00e3o bin\u00e1rios&#8221;<\/p><cite><em>&#8211; Eliezer Silveira Filho, consultor e respons\u00e1vel pelos projetos de comunica\u00e7\u00e3o da Todes<\/em><\/cite><\/blockquote>\n\n\n\n<p style=\"font-size:18px\">E ainda por cima empurram uma <strong>pervers\u00e3o da l\u00edngua p\u00e1tria<\/strong> &#8211; <em>que tantos ban\u00e2nios t\u00eam dificuldade em aprender<\/em> &#8211; pra combater &#8220;injusti\u00e7as&#8221; inexistentes.<\/p>\n\n\n\n<blockquote class=\"wp-block-quote is-layout-flow wp-block-quote-is-layout-flow\"><p>&#8220;A maioria das assistentes existentes \u00e9 feminina, e este conceito carrega um conceito de patriarcado e machismo na sociedade, onde o servi\u00e7o \u00e9 prestado pela mulher. Estamos desenvolvendo o que acreditamos que vai ser a primeira assistente virtual n\u00e3o-bin\u00e1rie do Brasil e, talvez, at\u00e9 do mundo&#8221;<\/p><cite><em>&#8211; de novo o Eliezer, que em breve estar\u00e1 sem emprego<\/em><\/cite><\/blockquote>\n\n\n\n<p style=\"font-size:18px\">Aposto que o <strong>CEO da empresa<\/strong>, o Luciano Davi &#8211; que tamb\u00e9m n\u00e3o \u00e9 uma mulher &#8211; tamb\u00e9m deva ser contra o patriarcado. Assim como atletas trans lutam para competir entre as mulheres e assim, tornar os esportes mais justos.<\/p>\n\n\n\n<div class=\"wp-block-image is-style-default\"><figure class=\"aligncenter size-large\"><img loading=\"lazy\" decoding=\"async\" width=\"1024\" height=\"523\" src=\"http:\/\/ordemdazoeira.com.br\/wp-content\/uploads\/2021\/05\/facepalm-e1525125165282-1024x523.jpg\" alt=\"\" class=\"wp-image-710\" srcset=\"https:\/\/ordemdazoeira.com.br\/wp-content\/uploads\/2021\/05\/facepalm-e1525125165282-1024x523.jpg 1024w, https:\/\/ordemdazoeira.com.br\/wp-content\/uploads\/2021\/05\/facepalm-e1525125165282-300x153.jpg 300w, https:\/\/ordemdazoeira.com.br\/wp-content\/uploads\/2021\/05\/facepalm-e1525125165282-768x392.jpg 768w, https:\/\/ordemdazoeira.com.br\/wp-content\/uploads\/2021\/05\/facepalm-e1525125165282-936x478.jpg 936w, https:\/\/ordemdazoeira.com.br\/wp-content\/uploads\/2021\/05\/facepalm-e1525125165282.jpg 1288w\" sizes=\"auto, (max-width: 1024px) 100vw, 1024px\" \/><figcaption><em>\u00c9 Picard&#8230; na vida real a dobra \u00e9 torta<\/em><\/figcaption><\/figure><\/div>\n\n\n\n<p style=\"font-size:18px\">\u00c9 mais um <strong>desperd\u00edcio de esfor\u00e7o<\/strong> para tornar o mundo em um lugar estupidamente pior e com mais &#8220;<em>direitos<\/em>&#8221; do que &#8220;<em>deveres<\/em>&#8221; e <strong>gente fraca<\/strong>. Apertem os cintos para tempos extremamente dif\u00edceis.<\/p>\n\n\n\n<p style=\"font-size:18px\">Afinal, que caralhos faz a diferen\u00e7a se algu\u00e9m gay usa Claro ou Vivo? <strong>V\u00e3o dar o suado dinheirinho a eles<\/strong> da mesma maneira, e essa <strong>Todes<\/strong> a\u00ed s\u00f3 \u00e9 mais uma gota no oceano de &#8220;<em>operadoras virtuais&#8221;<\/em> que existem por a\u00ed, como os <strong>Correios<\/strong>, <strong>Porto Seguro<\/strong> entre outras. \u00c9 apenas <strong>rebranding barato<\/strong>.<\/p>\n\n\n\n<p style=\"font-size:18px\">Hoje <strong>todes nozes<\/strong> somos v\u00edtimas da explora\u00e7\u00e3o comercial, essa \u00e9 s\u00f3 mais uma &#8220;<em>explora\u00e7\u00e3o exclusiva&#8221;.<\/em><\/p>\n\n\n\n<p><em>Fonte: pois \u00e9&#8230; <strong><a href=\"https:\/\/www.uol.com.br\/tilt\/noticias\/redacao\/2021\/05\/23\/operadora-todes-quer-se-diferenciar-ao-oferecer-servicos-para-publico-lgbt.htm\" target=\"_blank\" rel=\"noreferrer noopener\">Tilt<\/a><\/strong><\/em><\/p>\n","protected":false},"excerpt":{"rendered":"<p>As operadoras de telefonia celular s\u00e3o todas \u00e0 favor de uma causa: a delas. Sem exce\u00e7\u00e3o. As que se distanciarem&#8230;<\/p>\n","protected":false},"author":3,"featured_media":708,"comment_status":"open","ping_status":"open","sticky":false,"template":"","format":"standard","meta":{"_monsterinsights_skip_tracking":false,"_monsterinsights_sitenote_active":false,"_monsterinsights_sitenote_note":"","_monsterinsights_sitenote_category":0,"footnotes":""},"categories":[12],"tags":[129,169],"class_list":["post-706","post","type-post","status-publish","format-standard","has-post-thumbnail","hentry","category-odz-tech","tag-absurdismo","tag-telefonia-movel","wpcat-12-id"],"yoast_head":"<!-- This site is optimized with the Yoast SEO plugin v24.2 - https:\/\/yoast.com\/wordpress\/plugins\/seo\/ -->\n<title>Operadora colorida - ODZ<\/title>\n<meta name=\"robots\" content=\"index, follow, max-snippet:-1, max-image-preview:large, max-video-preview:-1\" \/>\n<link rel=\"canonical\" href=\"https:\/\/ordemdazoeira.com.br\/index.php\/2021\/05\/24\/operadora-colorida\/\" \/>\n<meta property=\"og:locale\" content=\"en_US\" \/>\n<meta property=\"og:type\" content=\"article\" \/>\n<meta property=\"og:title\" content=\"Operadora colorida - ODZ\" \/>\n<meta property=\"og:description\" content=\"As operadoras de telefonia celular s\u00e3o todas \u00e0 favor de uma causa: a delas. Sem exce\u00e7\u00e3o. As que se distanciarem...\" \/>\n<meta property=\"og:url\" content=\"https:\/\/ordemdazoeira.com.br\/index.php\/2021\/05\/24\/operadora-colorida\/\" \/>\n<meta property=\"og:site_name\" content=\"ODZ\" \/>\n<meta property=\"article:published_time\" content=\"2021-05-24T09:00:00+00:00\" \/>\n<meta property=\"article:modified_time\" content=\"2021-05-24T01:59:52+00:00\" \/>\n<meta property=\"og:image\" content=\"https:\/\/ordemdazoeira.com.br\/wp-content\/uploads\/2021\/05\/operadoras-feira-gigapixel-scale-2_00x.jpg\" \/>\n\t<meta property=\"og:image:width\" content=\"1720\" \/>\n\t<meta property=\"og:image:height\" content=\"900\" \/>\n\t<meta property=\"og:image:type\" content=\"image\/jpeg\" \/>\n<meta name=\"author\" content=\"Eric Mac Fadden\" \/>\n<meta name=\"twitter:card\" content=\"summary_large_image\" \/>\n<meta name=\"twitter:label1\" content=\"Written by\" \/>\n\t<meta name=\"twitter:data1\" content=\"Eric Mac Fadden\" \/>\n\t<meta name=\"twitter:label2\" content=\"Est. reading time\" \/>\n\t<meta name=\"twitter:data2\" content=\"4 minutes\" \/>\n<script type=\"application\/ld+json\" class=\"yoast-schema-graph\">{\"@context\":\"https:\/\/schema.org\",\"@graph\":[{\"@type\":\"WebPage\",\"@id\":\"https:\/\/ordemdazoeira.com.br\/index.php\/2021\/05\/24\/operadora-colorida\/\",\"url\":\"https:\/\/ordemdazoeira.com.br\/index.php\/2021\/05\/24\/operadora-colorida\/\",\"name\":\"Operadora colorida - ODZ\",\"isPartOf\":{\"@id\":\"https:\/\/ordemdazoeira.com.br\/#website\"},\"primaryImageOfPage\":{\"@id\":\"https:\/\/ordemdazoeira.com.br\/index.php\/2021\/05\/24\/operadora-colorida\/#primaryimage\"},\"image\":{\"@id\":\"https:\/\/ordemdazoeira.com.br\/index.php\/2021\/05\/24\/operadora-colorida\/#primaryimage\"},\"thumbnailUrl\":\"https:\/\/ordemdazoeira.com.br\/wp-content\/uploads\/2021\/05\/operadoras-feira-gigapixel-scale-2_00x.jpg\",\"datePublished\":\"2021-05-24T09:00:00+00:00\",\"dateModified\":\"2021-05-24T01:59:52+00:00\",\"author\":{\"@id\":\"https:\/\/ordemdazoeira.com.br\/#\/schema\/person\/2307badcd996505366bf8ae557805ffc\"},\"breadcrumb\":{\"@id\":\"https:\/\/ordemdazoeira.com.br\/index.php\/2021\/05\/24\/operadora-colorida\/#breadcrumb\"},\"inLanguage\":\"en-US\",\"potentialAction\":[{\"@type\":\"ReadAction\",\"target\":[\"https:\/\/ordemdazoeira.com.br\/index.php\/2021\/05\/24\/operadora-colorida\/\"]}]},{\"@type\":\"ImageObject\",\"inLanguage\":\"en-US\",\"@id\":\"https:\/\/ordemdazoeira.com.br\/index.php\/2021\/05\/24\/operadora-colorida\/#primaryimage\",\"url\":\"https:\/\/ordemdazoeira.com.br\/wp-content\/uploads\/2021\/05\/operadoras-feira-gigapixel-scale-2_00x.jpg\",\"contentUrl\":\"https:\/\/ordemdazoeira.com.br\/wp-content\/uploads\/2021\/05\/operadoras-feira-gigapixel-scale-2_00x.jpg\",\"width\":1720,\"height\":900},{\"@type\":\"BreadcrumbList\",\"@id\":\"https:\/\/ordemdazoeira.com.br\/index.php\/2021\/05\/24\/operadora-colorida\/#breadcrumb\",\"itemListElement\":[{\"@type\":\"ListItem\",\"position\":1,\"name\":\"Home\",\"item\":\"https:\/\/ordemdazoeira.com.br\/\"},{\"@type\":\"ListItem\",\"position\":2,\"name\":\"Operadora colorida\"}]},{\"@type\":\"WebSite\",\"@id\":\"https:\/\/ordemdazoeira.com.br\/#website\",\"url\":\"https:\/\/ordemdazoeira.com.br\/\",\"name\":\"ODZ\",\"description\":\"\",\"potentialAction\":[{\"@type\":\"SearchAction\",\"target\":{\"@type\":\"EntryPoint\",\"urlTemplate\":\"https:\/\/ordemdazoeira.com.br\/?s={search_term_string}\"},\"query-input\":{\"@type\":\"PropertyValueSpecification\",\"valueRequired\":true,\"valueName\":\"search_term_string\"}}],\"inLanguage\":\"en-US\"},{\"@type\":\"Person\",\"@id\":\"https:\/\/ordemdazoeira.com.br\/#\/schema\/person\/2307badcd996505366bf8ae557805ffc\",\"name\":\"Eric Mac Fadden\",\"image\":{\"@type\":\"ImageObject\",\"inLanguage\":\"en-US\",\"@id\":\"https:\/\/ordemdazoeira.com.br\/#\/schema\/person\/image\/\",\"url\":\"https:\/\/secure.gravatar.com\/avatar\/7cd8f4b0b9c141fb501b64e6824599d38d5b0fcccb8c1bbc2fa728576057f990?s=96&d=mm&r=g\",\"contentUrl\":\"https:\/\/secure.gravatar.com\/avatar\/7cd8f4b0b9c141fb501b64e6824599d38d5b0fcccb8c1bbc2fa728576057f990?s=96&d=mm&r=g\",\"caption\":\"Eric Mac Fadden\"},\"url\":\"https:\/\/ordemdazoeira.com.br\/index.php\/author\/eric-mac-fadden\/\"}]}<\/script>\n<!-- \/ Yoast SEO plugin. -->","yoast_head_json":{"title":"Operadora colorida - ODZ","robots":{"index":"index","follow":"follow","max-snippet":"max-snippet:-1","max-image-preview":"max-image-preview:large","max-video-preview":"max-video-preview:-1"},"canonical":"https:\/\/ordemdazoeira.com.br\/index.php\/2021\/05\/24\/operadora-colorida\/","og_locale":"en_US","og_type":"article","og_title":"Operadora colorida - ODZ","og_description":"As operadoras de telefonia celular s\u00e3o todas \u00e0 favor de uma causa: a delas. Sem exce\u00e7\u00e3o. As que se distanciarem...","og_url":"https:\/\/ordemdazoeira.com.br\/index.php\/2021\/05\/24\/operadora-colorida\/","og_site_name":"ODZ","article_published_time":"2021-05-24T09:00:00+00:00","article_modified_time":"2021-05-24T01:59:52+00:00","og_image":[{"width":1720,"height":900,"url":"https:\/\/ordemdazoeira.com.br\/wp-content\/uploads\/2021\/05\/operadoras-feira-gigapixel-scale-2_00x.jpg","type":"image\/jpeg"}],"author":"Eric Mac Fadden","twitter_card":"summary_large_image","twitter_misc":{"Written by":"Eric Mac Fadden","Est. reading time":"4 minutes"},"schema":{"@context":"https:\/\/schema.org","@graph":[{"@type":"WebPage","@id":"https:\/\/ordemdazoeira.com.br\/index.php\/2021\/05\/24\/operadora-colorida\/","url":"https:\/\/ordemdazoeira.com.br\/index.php\/2021\/05\/24\/operadora-colorida\/","name":"Operadora colorida - ODZ","isPartOf":{"@id":"https:\/\/ordemdazoeira.com.br\/#website"},"primaryImageOfPage":{"@id":"https:\/\/ordemdazoeira.com.br\/index.php\/2021\/05\/24\/operadora-colorida\/#primaryimage"},"image":{"@id":"https:\/\/ordemdazoeira.com.br\/index.php\/2021\/05\/24\/operadora-colorida\/#primaryimage"},"thumbnailUrl":"https:\/\/ordemdazoeira.com.br\/wp-content\/uploads\/2021\/05\/operadoras-feira-gigapixel-scale-2_00x.jpg","datePublished":"2021-05-24T09:00:00+00:00","dateModified":"2021-05-24T01:59:52+00:00","author":{"@id":"https:\/\/ordemdazoeira.com.br\/#\/schema\/person\/2307badcd996505366bf8ae557805ffc"},"breadcrumb":{"@id":"https:\/\/ordemdazoeira.com.br\/index.php\/2021\/05\/24\/operadora-colorida\/#breadcrumb"},"inLanguage":"en-US","potentialAction":[{"@type":"ReadAction","target":["https:\/\/ordemdazoeira.com.br\/index.php\/2021\/05\/24\/operadora-colorida\/"]}]},{"@type":"ImageObject","inLanguage":"en-US","@id":"https:\/\/ordemdazoeira.com.br\/index.php\/2021\/05\/24\/operadora-colorida\/#primaryimage","url":"https:\/\/ordemdazoeira.com.br\/wp-content\/uploads\/2021\/05\/operadoras-feira-gigapixel-scale-2_00x.jpg","contentUrl":"https:\/\/ordemdazoeira.com.br\/wp-content\/uploads\/2021\/05\/operadoras-feira-gigapixel-scale-2_00x.jpg","width":1720,"height":900},{"@type":"BreadcrumbList","@id":"https:\/\/ordemdazoeira.com.br\/index.php\/2021\/05\/24\/operadora-colorida\/#breadcrumb","itemListElement":[{"@type":"ListItem","position":1,"name":"Home","item":"https:\/\/ordemdazoeira.com.br\/"},{"@type":"ListItem","position":2,"name":"Operadora colorida"}]},{"@type":"WebSite","@id":"https:\/\/ordemdazoeira.com.br\/#website","url":"https:\/\/ordemdazoeira.com.br\/","name":"ODZ","description":"","potentialAction":[{"@type":"SearchAction","target":{"@type":"EntryPoint","urlTemplate":"https:\/\/ordemdazoeira.com.br\/?s={search_term_string}"},"query-input":{"@type":"PropertyValueSpecification","valueRequired":true,"valueName":"search_term_string"}}],"inLanguage":"en-US"},{"@type":"Person","@id":"https:\/\/ordemdazoeira.com.br\/#\/schema\/person\/2307badcd996505366bf8ae557805ffc","name":"Eric Mac Fadden","image":{"@type":"ImageObject","inLanguage":"en-US","@id":"https:\/\/ordemdazoeira.com.br\/#\/schema\/person\/image\/","url":"https:\/\/secure.gravatar.com\/avatar\/7cd8f4b0b9c141fb501b64e6824599d38d5b0fcccb8c1bbc2fa728576057f990?s=96&d=mm&r=g","contentUrl":"https:\/\/secure.gravatar.com\/avatar\/7cd8f4b0b9c141fb501b64e6824599d38d5b0fcccb8c1bbc2fa728576057f990?s=96&d=mm&r=g","caption":"Eric Mac Fadden"},"url":"https:\/\/ordemdazoeira.com.br\/index.php\/author\/eric-mac-fadden\/"}]}},"_links":{"self":[{"href":"https:\/\/ordemdazoeira.com.br\/index.php\/wp-json\/wp\/v2\/posts\/706","targetHints":{"allow":["GET"]}}],"collection":[{"href":"https:\/\/ordemdazoeira.com.br\/index.php\/wp-json\/wp\/v2\/posts"}],"about":[{"href":"https:\/\/ordemdazoeira.com.br\/index.php\/wp-json\/wp\/v2\/types\/post"}],"author":[{"embeddable":true,"href":"https:\/\/ordemdazoeira.com.br\/index.php\/wp-json\/wp\/v2\/users\/3"}],"replies":[{"embeddable":true,"href":"https:\/\/ordemdazoeira.com.br\/index.php\/wp-json\/wp\/v2\/comments?post=706"}],"version-history":[{"count":2,"href":"https:\/\/ordemdazoeira.com.br\/index.php\/wp-json\/wp\/v2\/posts\/706\/revisions"}],"predecessor-version":[{"id":712,"href":"https:\/\/ordemdazoeira.com.br\/index.php\/wp-json\/wp\/v2\/posts\/706\/revisions\/712"}],"wp:featuredmedia":[{"embeddable":true,"href":"https:\/\/ordemdazoeira.com.br\/index.php\/wp-json\/wp\/v2\/media\/708"}],"wp:attachment":[{"href":"https:\/\/ordemdazoeira.com.br\/index.php\/wp-json\/wp\/v2\/media?parent=706"}],"wp:term":[{"taxonomy":"category","embeddable":true,"href":"https:\/\/ordemdazoeira.com.br\/index.php\/wp-json\/wp\/v2\/categories?post=706"},{"taxonomy":"post_tag","embeddable":true,"href":"https:\/\/ordemdazoeira.com.br\/index.php\/wp-json\/wp\/v2\/tags?post=706"}],"curies":[{"name":"wp","href":"https:\/\/api.w.org\/{rel}","templated":true}]}}